{"id":49075,"date":"2022-12-09T21:22:04","date_gmt":"2022-12-10T03:22:04","guid":{"rendered":"http:\/\/www.zonaroja.com.mx\/?p=49075"},"modified":"2022-12-09T21:22:06","modified_gmt":"2022-12-10T03:22:06","slug":"habitantes-de-la-reforma-exigen-reconocimiento-de-elecciones-denuncian-a-ex-edil","status":"publish","type":"post","link":"https:\/\/zonaroja.com.mx\/?p=49075","title":{"rendered":"Habitantes de La Reforma exigen reconocimiento de elecciones; denuncian a ex edil"},"content":{"rendered":"\n<p>Yuridiana Sosa\/Zona Roja.<\/p>\n\n\n\n<p>Oaxaca de Ju\u00e1rez, Oax,, 9 de diciembre de 2022.- Habitantes y autoridades del municipio de La Reforma, en la Sierra Sur de Oaxaca, se manifestaron en el Instituto Estatal Electoral y de Participaci\u00f3n Ciudadana de Oaxaca (IEEPCO) para exigir la validaci\u00f3n de las elecciones del pasado 6 de noviembre.<\/p>\n\n\n\n<p>El grupo inconforme, de mujeres originarias de ese municipio, arrib\u00f3 a las instalaciones del organismo electoral este viernes tambi\u00e9n para denunciar p\u00fablicamente que el ex edil, Jes\u00fas Molina Mendoza trata de imponer a su esposa como presidenta municipal para seguir en el poder, esto luego que fue revocado del cargo por ejercer violencia pol\u00edtica por raz\u00f3n de g\u00e9nero.<\/p>\n\n\n\n<p>La regidora de hacienda, F\u00e1tima Sumano Gonz\u00e1lez, v\u00edctima de violencia pol\u00edtica por parte de Molina Mendoza, se\u00f1al\u00f3 que el ex edil presume de influencias con la diputada Mariana Ben\u00edtez Tiburcio, del PRI, a trav\u00e9s de quien se compr\u00f3 la elecci\u00f3n con las Consejeras Nayma Enriquez Estrada, Carmelita Sibaja Ochoa.<\/p>\n\n\n\n<p>En la elecci\u00f3n del pasado 6 de noviembre la comunidad eligi\u00f3 como presidente municipal a Arturo Guzm\u00e1n Boh\u00f3rquez y a Zayma Zarate de suplente. Pero temen que no se valide su jornada a pesar de contar con una mayor\u00eda rebasada contra la esposa del ex edil.<\/p>\n\n\n\n<p>La elecci\u00f3n tuvo lugar para cubrir formalmente el cargo de la presidencia, luego que el pasado 25 de octubre el Tribunal Electoral del Estado de Oaxaca (TEEO) dio a conocer la acreditaci\u00f3n de&nbsp;la violencia en raz\u00f3n de g\u00e9nero del edil Jes\u00fas Molina Mendoza y el s\u00edndico municipal, L\u00e1zaro Pachuca L\u00f3pez y el Tesorero Municipal.<\/p>\n\n\n\n<p>Por lo que tambi\u00e9n se valid\u00f3 la terminaci\u00f3n Anticipada de Mandato del edil Jes\u00fas Molina y se orden\u00f3 la incorporaci\u00f3n de dichas tres autoridades en el registro de violentadores para impedirles asumir el cargo por un periodo de 9 a\u00f1os y dos meses.<\/p>\n\n\n\n<figure class=\"wp-block-embed is-type-rich is-provider-twitter wp-block-embed-twitter\"><div class=\"wp-block-embed__wrapper\">\n<div class=\"twitter-tweet\"><blockquote class=\"twitter-tweet\" data-lang=\"es\"><p lang=\"es\" dir=\"ltr\">Habitantes del municipio de La Reforma,Oaxaca,protestaron hoy en la capital para exigir reconocimiento a elecci\u00f3n de autoridades.<br>Exigieron al ex edil cumpla la sanci\u00f3n tras haber sido decretado como violentador y pidieron a diputada <a href=\"https:\/\/twitter.com\/marianabenitezt?ref_src=twsrc%5Etfw\">@marianabenitezt<\/a> no proteger a ex autoridades. <a href=\"https:\/\/t.co\/ROhJ0hGlQK\">pic.twitter.com\/ROhJ0hGlQK<\/a><\/p>&mdash; Zona Roja Oaxaca (@ZonaRoja_Oaxaca) <a href=\"https:\/\/twitter.com\/ZonaRoja_Oaxaca\/status\/1601328780374523905?ref_src=twsrc%5Etfw\">9 de diciembre de 2022<\/a><\/blockquote><\/div>\n<\/div><\/figure>\n","protected":false},"excerpt":{"rendered":"<p>Yuridiana Sosa\/Zona Roja. Oaxaca de Ju\u00e1rez, Oax,, 9 de diciembre de 2022.- Habitantes y autoridades&hellip;<\/p>\n","protected":false},"author":2,"featured_media":49076,"comment_status":"closed","ping_status":"open","sticky":false,"template":"","format":"standard","meta":{"_lmt_disableupdate":"","_lmt_disable":"","_jetpack_memberships_contains_paid_content":false,"footnotes":""},"categories":[109,47],"tags":[],"class_list":["post-49075","post","type-post","status-publish","format-standard","has-post-thumbnail","hentry","category-minuto-a-minuto","category-zona-gris"],"jetpack_featured_media_url":"https:\/\/zonaroja.com.mx\/wp-content\/uploads\/2022\/12\/Protesta-La-Reforma-Putla.jpg","jetpack_sharing_enabled":true,"_links":{"self":[{"href":"https:\/\/zonaroja.com.mx\/index.php?rest_route=\/wp\/v2\/posts\/49075","targetHints":{"allow":["GET"]}}],"collection":[{"href":"https:\/\/zonaroja.com.mx\/index.php?rest_route=\/wp\/v2\/posts"}],"about":[{"href":"https:\/\/zonaroja.com.mx\/index.php?rest_route=\/wp\/v2\/types\/post"}],"author":[{"embeddable":true,"href":"https:\/\/zonaroja.com.mx\/index.php?rest_route=\/wp\/v2\/users\/2"}],"replies":[{"embeddable":true,"href":"https:\/\/zonaroja.com.mx\/index.php?rest_route=%2Fwp%2Fv2%2Fcomments&post=49075"}],"version-history":[{"count":1,"href":"https:\/\/zonaroja.com.mx\/index.php?rest_route=\/wp\/v2\/posts\/49075\/revisions"}],"predecessor-version":[{"id":49077,"href":"https:\/\/zonaroja.com.mx\/index.php?rest_route=\/wp\/v2\/posts\/49075\/revisions\/49077"}],"wp:featuredmedia":[{"embeddable":true,"href":"https:\/\/zonaroja.com.mx\/index.php?rest_route=\/wp\/v2\/media\/49076"}],"wp:attachment":[{"href":"https:\/\/zonaroja.com.mx\/index.php?rest_route=%2Fwp%2Fv2%2Fmedia&parent=49075"}],"wp:term":[{"taxonomy":"category","embeddable":true,"href":"https:\/\/zonaroja.com.mx\/index.php?rest_route=%2Fwp%2Fv2%2Fcategories&post=49075"},{"taxonomy":"post_tag","embeddable":true,"href":"https:\/\/zonaroja.com.mx\/index.php?rest_route=%2Fwp%2Fv2%2Ftags&post=49075"}],"curies":[{"name":"wp","href":"https:\/\/api.w.org\/{rel}","templated":true}]}}