{"id":4908,"date":"2019-10-17T16:06:40","date_gmt":"2019-10-17T21:06:40","guid":{"rendered":"https:\/\/www.zonaroja.com.mx\/?p=4908"},"modified":"2019-10-17T16:06:42","modified_gmt":"2019-10-17T21:06:42","slug":"amlo-se-ha-negado-a-atender-en-10-meses-a-victimas-de-nochixtlan-preparan-protestas","status":"publish","type":"post","link":"https:\/\/zonaroja.com.mx\/?p=4908","title":{"rendered":"AMLO se ha negado a atender en 10 meses a v\u00edctimas de Nochixtl\u00e1n; preparan protestas"},"content":{"rendered":"\n<p>Evlin Arag\u00f3n\/Zona Roja.<\/p>\n\n\n\n<p>Oaxaca de Ju\u00e1rez, Oax., 17 de octubre de 2019\/- Integrantes del Comit\u00e9 de V\u00edctimas&nbsp;&nbsp;de&nbsp;Asunci\u00f3n Nochixtl\u00e1n exigieron una mesa de di\u00e1logo con el Presidente de la Rep\u00fablica, Andr\u00e9s Manuel L\u00f3pez Obrador, en el marco de su visita a la entidad este fin de semana, de lo contrario se movilizaran para impedir el arribo del mandatario a esa localidad, programada para el d\u00eda s\u00e1bado.<\/p>\n\n\n\n<p>En conferencia de prensa, respaldados por la dirigencia de la Secci\u00f3n 22 adherida a la Coordinadora Nacional de Trabajadores de la Educaci\u00f3n (Cnte), indicaron que esperan que el mandatario federal acepte reunirse con ellos&nbsp;<a href=\"\/\/2\">este viernes por la ma\u00f1ana<\/a>, en su caso estar\u00edan activando un bloqueo carretero para impedir su llegada a Nochixtl\u00e1n.<\/p>\n\n\n\n<p>Sergio Pedro, v\u00edctima de los hechos suscitados el 19 de julio del 2016, record\u00f3 que a m\u00e1s de tres a\u00f1os del ataque, este no ha sido aclarado por parte de las autoridad y por el contrario a 10 meses de la llegada Andr\u00e9s Manuel L\u00f3pez Obrador al gobierno federal, se ha negado a dialogar con integrantes del Comit\u00e9 de V\u00edctimas.<\/p>\n\n\n\n<p>\u201cEl mandatario federal ha dejado claro que dentro de sus prioridades no se encuentra el tema de la masacre de Asunci\u00f3n Nochixtl\u00e1n; la cerraz\u00f3n de L\u00f3pez Obrador para dialogar con las v\u00edctimas obedece a la pol\u00edtica de perd\u00f3n y olvido que ha venido pregonando desde que lleg\u00f3 al poder y la cual representa el pacto de impunidad que tiene con quienes le antecedieron en el gobierno\u201d, asegur\u00f3.<\/p>\n\n\n\n<p><div class=\"twitter-tweet\"><blockquote class=\"twitter-tweet\" data-lang=\"es\"><p lang=\"es\" dir=\"ltr\"><a href=\"https:\/\/twitter.com\/hashtag\/OaxacaGris?src=hash&amp;ref_src=twsrc%5Etfw\">#OaxacaGris<\/a><br>Si el Presidente <a href=\"https:\/\/twitter.com\/lopezobrador_?ref_src=twsrc%5Etfw\">@lopezobrador_<\/a> no los atiende a m\u00e1s tardar ma\u00f1ana para atender el caso de violencia de junio de 2016, pobladores y activistas protestar\u00e1n y bloquear\u00e1n carretera durante su visita el s\u00e1bado, anunci\u00f3 el Comit\u00e9 de V\u00edctimas de Nochixtl\u00e1n. <a href=\"https:\/\/t.co\/jHso31s0rR\">pic.twitter.com\/jHso31s0rR<\/a><\/p>&mdash; Zona Roja Oaxaca (@MexRoja) <a href=\"https:\/\/twitter.com\/MexRoja\/status\/1184877326472892416?ref_src=twsrc%5Etfw\">17 de octubre de 2019<\/a><\/blockquote><\/div><\/p>\n\n\n\n<p>Explic\u00f3 que la visita del&nbsp;&nbsp;mandatario federal a la localidad, representa una afrenta para las familias de las v\u00edctimas, ya que deja de lado la tragedia en Nochixtl\u00e1n ante la cual ha mantenido un silencio c\u00f3mplice y se ha convertido en protector de los orquestadores de la masacre.<\/p>\n\n\n\n<p>\u201cNo aceptaremos la reparaci\u00f3n del da\u00f1o sin que exista justicia y castigo a los responsables que ordenaron masacrar a nuestro pueblo. No aceptaremos su pol\u00edtica de perd\u00f3n e impunidad y no desistiremos en la lucha de exigencia de justicia\u201d, indic\u00f3 como parte del posicionamiento de la Covic.<\/p>\n\n\n\n<p>COMPARECEN FUNCIONARIOS&nbsp;<\/p>\n\n\n\n<p>El asesor jur\u00eddico del Comit\u00e9 de V\u00edctimas, Daniel Blas, asegur\u00f3 que se han trasladado hasta Palacio Nacional y a la Fiscal\u00eda General de la Rep\u00fablica para darle seguimiento a la ruta jur\u00eddica, sin embargo hasta el momento no se ha obtenido justicia alguna.<\/p>\n\n\n\n<p>Explic\u00f3 que el \u00fanico avance que lograron fue la comparecencia del ex delegado del Cisen y ahora secretario de Seguridad P\u00fablica, Ernesto Salcedo Rosales, y el delegado de la Secretar\u00eda de Gobernaci\u00f3n, Carlos Santiago Carrasco, quienes fueron parte del Grupo de Coordinaci\u00f3n Oaxaca que tom\u00f3 la decisi\u00f3n de incursiones de manera violenta a Nochixtl\u00e1n.&nbsp;<\/p>\n\n\n\n<p>\u201cExiste una cerraz\u00f3n por parte de las autoridades federales, es la realidad, despu\u00e9s de tres a\u00f1os las investigaciones no han avanzado, la obstaculizaci\u00f3n estaba en gran parte en la delegaci\u00f3n en Oaxaca de la Fiscal\u00eda General de la Rep\u00fablica, por lo que fue necesario que la carpeta de investigaci\u00f3n se trasladara a la sede de la FGR\u201d, explic\u00f3.<\/p>\n\n\n\n<p>Con lo anterior, sucedido en septiembre pasado, se espera se consoliden las comparecencias de los dem\u00e1s ex funcionarios federales involucrados en los hechos a fin de dar con la cadena de mando responsable de la masacre, misma que esperan sea sancionada de forma ejemplar.Insistieron en que sean llamados a cuentas el ex gobernador Gabino Cu\u00e9 Monteagudo y el ex presidente Enrique Pe\u00f1a Nieto.&nbsp;<\/p>\n\n\n\n<p><\/p>\n","protected":false},"excerpt":{"rendered":"<p>Evlin Arag\u00f3n\/Zona Roja. Oaxaca de Ju\u00e1rez, Oax., 17 de octubre de 2019\/- Integrantes del Comit\u00e9&hellip;<\/p>\n","protected":false},"author":2,"featured_media":4907,"comment_status":"closed","ping_status":"open","sticky":false,"template":"","format":"standard","meta":{"_lmt_disableupdate":"","_lmt_disable":"","_jetpack_memberships_contains_paid_content":false,"footnotes":""},"categories":[1],"tags":[],"class_list":["post-4908","post","type-post","status-publish","format-standard","has-post-thumbnail","hentry","category-sin-categoria"],"jetpack_featured_media_url":"https:\/\/zonaroja.com.mx\/wp-content\/uploads\/2019\/10\/img_8915.jpg","jetpack_sharing_enabled":true,"_links":{"self":[{"href":"https:\/\/zonaroja.com.mx\/index.php?rest_route=\/wp\/v2\/posts\/4908","targetHints":{"allow":["GET"]}}],"collection":[{"href":"https:\/\/zonaroja.com.mx\/index.php?rest_route=\/wp\/v2\/posts"}],"about":[{"href":"https:\/\/zonaroja.com.mx\/index.php?rest_route=\/wp\/v2\/types\/post"}],"author":[{"embeddable":true,"href":"https:\/\/zonaroja.com.mx\/index.php?rest_route=\/wp\/v2\/users\/2"}],"replies":[{"embeddable":true,"href":"https:\/\/zonaroja.com.mx\/index.php?rest_route=%2Fwp%2Fv2%2Fcomments&post=4908"}],"version-history":[{"count":1,"href":"https:\/\/zonaroja.com.mx\/index.php?rest_route=\/wp\/v2\/posts\/4908\/revisions"}],"predecessor-version":[{"id":4909,"href":"https:\/\/zonaroja.com.mx\/index.php?rest_route=\/wp\/v2\/posts\/4908\/revisions\/4909"}],"wp:featuredmedia":[{"embeddable":true,"href":"https:\/\/zonaroja.com.mx\/index.php?rest_route=\/wp\/v2\/media\/4907"}],"wp:attachment":[{"href":"https:\/\/zonaroja.com.mx\/index.php?rest_route=%2Fwp%2Fv2%2Fmedia&parent=4908"}],"wp:term":[{"taxonomy":"category","embeddable":true,"href":"https:\/\/zonaroja.com.mx\/index.php?rest_route=%2Fwp%2Fv2%2Fcategories&post=4908"},{"taxonomy":"post_tag","embeddable":true,"href":"https:\/\/zonaroja.com.mx\/index.php?rest_route=%2Fwp%2Fv2%2Ftags&post=4908"}],"curies":[{"name":"wp","href":"https:\/\/api.w.org\/{rel}","templated":true}]}}