{"id":49081,"date":"2022-12-09T22:21:38","date_gmt":"2022-12-10T04:21:38","guid":{"rendered":"http:\/\/www.zonaroja.com.mx\/?p=49081"},"modified":"2022-12-09T22:21:39","modified_gmt":"2022-12-10T04:21:39","slug":"con-cinco-bloqueos-carreteros-y-protestas-cierra-noveno-dia-de-salomon-jara","status":"publish","type":"post","link":"https:\/\/zonaroja.com.mx\/?p=49081","title":{"rendered":"Con cinco bloqueos carreteros y protestas cierra noveno d\u00eda de Salom\u00f3n Jara"},"content":{"rendered":"\n<p>Redacci\u00f3n\/Zona Roja.<\/p>\n\n\n\n<p>Oaxaca de Ju\u00e1rez, Oax., a 9 de diciembre de 2022.- Con al menos cinco protestas y bloqueos carreteros concluy\u00f3 el noveno d\u00eda del gobierno del morenista Salom\u00f3n Jara Cruz, sin que haya resultados de la pol\u00edtica interna de la entidad.<\/p>\n\n\n\n<p>Habitantes del municipio de Monjas, del distrito de Miahuatl\u00e1n, bloquearon la v\u00eda federal 175, a la altura de esa localidad de la Sierra Sur, para exigir soluci\u00f3n a a\u00f1ejas demandas sociales.<\/p>\n\n\n\n<p>En la zona norte del Istmo, habitantes de agencias de San Juan Guichicovi, continuaron con su manifestaci\u00f3n en las v\u00edas del ferrocarril, para exigir indemnizaci\u00f3n por el paso de las obras del Corredor Trans\u00edstmico.<\/p>\n\n\n\n<p>Mientras que un grupo de ind\u00edgenas triquis, encabezados por Lorena Mart\u00ednez, protestaron todo el d\u00eda frente al Palacio de Gobierno, en la capital, para demandar atenci\u00f3n de la Secretar\u00eda de Gobierno, tras el desalojo del pasado 2 de diciembre, as\u00ed como la devoluci\u00f3n de su mercanc\u00eda decomisada.<\/p>\n\n\n\n<p>En tanto que habitantes de La Reforma, municipio del distrito de Putla, protestaron en la colonia Reforma de la ciudad de Oaxaca, para exigir reconocimiento de las autoridades municipales electas.<\/p>\n\n\n\n<p>A su vez, la dirigencia del Sindicato \u00danico de Trabajadores del Telebachillerato Comunitario del Estado de Oaxaca (SUTTEBCEO), encabezada por Celestino Jim\u00e9nez Aparicio, protest\u00f3 en el z\u00f3calo y amag\u00f3 con una serie de movilizaciones, ante la dilaci\u00f3n del gobernador Salom\u00f3n Jara Cruz, en dar nombramiento al&nbsp; nuevo titular de la dependencia.&nbsp;<\/p>\n\n\n\n<p>En San Mart\u00edn Peras, Juxtlahuaca, contin\u00faa \u201ctomado\u201d el Palacio de Gobierno y retenidas m\u00e1s de una docena de personas, entre ellas dos mujeres, que fueron privadas de su libertad desde el pasado 3 de diciembre.<\/p>\n\n\n\n<p>Y la Secci\u00f3n 22 del SNTE cerr\u00f3 por segundo d\u00eda consecutivo la segunda calle del Centro Hist\u00f3rico de la capital, por diversas actividades culturales.<\/p>\n","protected":false},"excerpt":{"rendered":"<p>Redacci\u00f3n\/Zona Roja. Oaxaca de Ju\u00e1rez, Oax., a 9 de diciembre de 2022.- Con al menos&hellip;<\/p>\n","protected":false},"author":2,"featured_media":49082,"comment_status":"closed","ping_status":"open","sticky":false,"template":"","format":"standard","meta":{"_lmt_disableupdate":"","_lmt_disable":"","_jetpack_memberships_contains_paid_content":false,"footnotes":""},"categories":[109,47],"tags":[2264],"class_list":["post-49081","post","type-post","status-publish","format-standard","has-post-thumbnail","hentry","category-minuto-a-minuto","category-zona-gris","tag-bloqueos-y-protestas-oaxaca"],"jetpack_featured_media_url":"https:\/\/zonaroja.com.mx\/wp-content\/uploads\/2022\/12\/Bloqueo-carretero-Monjas-Miahuatlan.jpg","jetpack_sharing_enabled":true,"_links":{"self":[{"href":"https:\/\/zonaroja.com.mx\/index.php?rest_route=\/wp\/v2\/posts\/49081","targetHints":{"allow":["GET"]}}],"collection":[{"href":"https:\/\/zonaroja.com.mx\/index.php?rest_route=\/wp\/v2\/posts"}],"about":[{"href":"https:\/\/zonaroja.com.mx\/index.php?rest_route=\/wp\/v2\/types\/post"}],"author":[{"embeddable":true,"href":"https:\/\/zonaroja.com.mx\/index.php?rest_route=\/wp\/v2\/users\/2"}],"replies":[{"embeddable":true,"href":"https:\/\/zonaroja.com.mx\/index.php?rest_route=%2Fwp%2Fv2%2Fcomments&post=49081"}],"version-history":[{"count":1,"href":"https:\/\/zonaroja.com.mx\/index.php?rest_route=\/wp\/v2\/posts\/49081\/revisions"}],"predecessor-version":[{"id":49083,"href":"https:\/\/zonaroja.com.mx\/index.php?rest_route=\/wp\/v2\/posts\/49081\/revisions\/49083"}],"wp:featuredmedia":[{"embeddable":true,"href":"https:\/\/zonaroja.com.mx\/index.php?rest_route=\/wp\/v2\/media\/49082"}],"wp:attachment":[{"href":"https:\/\/zonaroja.com.mx\/index.php?rest_route=%2Fwp%2Fv2%2Fmedia&parent=49081"}],"wp:term":[{"taxonomy":"category","embeddable":true,"href":"https:\/\/zonaroja.com.mx\/index.php?rest_route=%2Fwp%2Fv2%2Fcategories&post=49081"},{"taxonomy":"post_tag","embeddable":true,"href":"https:\/\/zonaroja.com.mx\/index.php?rest_route=%2Fwp%2Fv2%2Ftags&post=49081"}],"curies":[{"name":"wp","href":"https:\/\/api.w.org\/{rel}","templated":true}]}}