{"id":49087,"date":"2022-12-10T11:54:00","date_gmt":"2022-12-10T17:54:00","guid":{"rendered":"http:\/\/www.zonaroja.com.mx\/?p=49087"},"modified":"2022-12-10T06:58:56","modified_gmt":"2022-12-10T12:58:56","slug":"mexico-lider-mundial-en-asesinato-de-periodistas","status":"publish","type":"post","link":"https:\/\/zonaroja.com.mx\/?p=49087","title":{"rendered":"M\u00e9xico, l\u00edder mundial\u2026 en asesinato de periodistas"},"content":{"rendered":"\n<p>Redacci\u00f3n\/Zona Roja Cdmx.<\/p>\n\n\n\n<p>Ciudad de M\u00e9xico, a 10 de diciembre de 2022.- La guerra de Rusia en Ucrania, el caos en Hait\u00ed y el aumento de la violencia de los grupos criminales en M\u00e9xico contribuyeron a que el n\u00famero de periodistas asesinados mientras realizaban su trabajo en 2022 aumentara en 30% con respecto al a\u00f1o anterior, seg\u00fan un nuevo reporte publicado ayer.<\/p>\n\n\n\n<p>La Federaci\u00f3n Internacional de Periodistas (IFJ, por sus siglas en ingl\u00e9s) dijo que, en lo que va del a\u00f1o, 67 reporteros y trabajadores de medios de comunicaci\u00f3n perdieron la vida ejerciendo su labor en todo el mundo, frente a los 47 de 2021, seg\u00fan informaci\u00f3n de la agencia AP.<\/p>\n\n\n\n<p>Adem\u00e1s, 375 periodistas est\u00e1n encarcelados por su trabajo, la mayor\u00eda de ellos en China, Myanmar y Turqu\u00eda, agreg\u00f3 el grupo con sede en Bruselas. En el reporte del a\u00f1o pasado figuraban 365 en esta situaci\u00f3n.<\/p>\n\n\n\n<p>Ante el aumento de las muertes violentas, la IFJ pidi\u00f3 a los gobiernos que tomen medidas m\u00e1s concretas para proteger a los periodistas y la libertad de prensa. \u201cLa inacci\u00f3n s\u00f3lo envalentonar\u00e1 a quienes pretenden acabar con la libre circulaci\u00f3n de la informaci\u00f3n y socavar la capacidad de la gente para pedir responsabilidades a sus dirigentes, incluyendo garantizar que aquellos con poder e influencia no se interponen en el camino hacia sociedades abiertas e inclusivas\u201d, afirm\u00f3 el secretario general del grupo, Anthony Bellanger, en un comunicado.<\/p>\n\n\n\n<p>Durante la cobertura de la guerra en Ucrania han muerto m\u00e1s trabajadores de medios de comunicaci\u00f3n, 12 en total, que en ning\u00fan otro pa\u00eds este a\u00f1o, afirm\u00f3 la IFJ. La mayor\u00eda eran ucranianos, pero la lista incluye otras nacionalidades como el documentalista estadounidense Brent Renaud.<\/p>\n\n\n\n<p>Muchos decesos se produjeron en las primeras y ca\u00f3ticas semanas tras la invasi\u00f3n, aunque las amenazas a los periodistas contin\u00faan a medida que el conflicto se prolonga, detall\u00f3 la agencia AP.<\/p>\n\n\n\n<p>\u201cEl reinado del terror de las organizaciones criminales en M\u00e9xico y la descomposici\u00f3n de la ley y el orden en Hait\u00ed, han contribuido tambi\u00e9n al aumento de los asesinatos\u201d, indic\u00f3 la IFJ.<\/p>\n\n\n\n<p>Este a\u00f1o ha sido uno de los m\u00e1s letales para los reporteros en M\u00e9xico, que est\u00e1 considerado el pa\u00eds m\u00e1s peligroso para ejercer la profesi\u00f3n lejos de una zona de guerra, con 11 asesinatos de integrantes del gremio.<\/p>\n\n\n\n<p>Adem\u00e1s, contabiliz\u00f3 cinco muertes de periodistas en la crisis pol\u00edtica que ha sacudido Paquist\u00e1n este a\u00f1o y advirti\u00f3 de nuevas amenazas a los reporteros en Colombia, as\u00ed como del continuo peligro que sufren en Filipinas, a pesar del cambio de presidente. La IFJ denunci\u00f3 tambi\u00e9n el asesinato de Shireen Abu Akleh, periodista de Al Jazeera, que muri\u00f3 baleada cuando informaba desde un campo de refugiados palestinos.<\/p>\n\n\n\n<p>Esta semana, la televisora \u00e1rabe solici\u00f3 formalmente a la Corte Penal Internacional que investigue el deceso.<\/p>\n\n\n\n<p>El grupo representa a 600 mil profesionales de los medios de comunicaci\u00f3n de sindicatos y asociaciones de m\u00e1s de 140 pa\u00edses.<\/p>\n\n\n\n<p>El informe se public\u00f3 en la v\u00edspera del D\u00eda de los Derechos Humanos de Naciones Unidas.&nbsp;<\/p>\n\n\n\n<p>(Informaci\u00f3n de la agencia AP)<\/p>\n","protected":false},"excerpt":{"rendered":"<p>Redacci\u00f3n\/Zona Roja Cdmx. Ciudad de M\u00e9xico, a 10 de diciembre de 2022.- La guerra de&hellip;<\/p>\n","protected":false},"author":2,"featured_media":42181,"comment_status":"closed","ping_status":"open","sticky":false,"template":"","format":"standard","meta":{"_lmt_disableupdate":"","_lmt_disable":"","_jetpack_memberships_contains_paid_content":false,"footnotes":""},"categories":[109,47],"tags":[1016],"class_list":["post-49087","post","type-post","status-publish","format-standard","has-post-thumbnail","hentry","category-minuto-a-minuto","category-zona-gris","tag-asesinato-de-periodistas-en-mexico"],"jetpack_featured_media_url":"https:\/\/zonaroja.com.mx\/wp-content\/uploads\/2022\/06\/Violencia-asesinatos-periodistas-prensa.jpg","jetpack_sharing_enabled":true,"_links":{"self":[{"href":"https:\/\/zonaroja.com.mx\/index.php?rest_route=\/wp\/v2\/posts\/49087","targetHints":{"allow":["GET"]}}],"collection":[{"href":"https:\/\/zonaroja.com.mx\/index.php?rest_route=\/wp\/v2\/posts"}],"about":[{"href":"https:\/\/zonaroja.com.mx\/index.php?rest_route=\/wp\/v2\/types\/post"}],"author":[{"embeddable":true,"href":"https:\/\/zonaroja.com.mx\/index.php?rest_route=\/wp\/v2\/users\/2"}],"replies":[{"embeddable":true,"href":"https:\/\/zonaroja.com.mx\/index.php?rest_route=%2Fwp%2Fv2%2Fcomments&post=49087"}],"version-history":[{"count":1,"href":"https:\/\/zonaroja.com.mx\/index.php?rest_route=\/wp\/v2\/posts\/49087\/revisions"}],"predecessor-version":[{"id":49088,"href":"https:\/\/zonaroja.com.mx\/index.php?rest_route=\/wp\/v2\/posts\/49087\/revisions\/49088"}],"wp:featuredmedia":[{"embeddable":true,"href":"https:\/\/zonaroja.com.mx\/index.php?rest_route=\/wp\/v2\/media\/42181"}],"wp:attachment":[{"href":"https:\/\/zonaroja.com.mx\/index.php?rest_route=%2Fwp%2Fv2%2Fmedia&parent=49087"}],"wp:term":[{"taxonomy":"category","embeddable":true,"href":"https:\/\/zonaroja.com.mx\/index.php?rest_route=%2Fwp%2Fv2%2Fcategories&post=49087"},{"taxonomy":"post_tag","embeddable":true,"href":"https:\/\/zonaroja.com.mx\/index.php?rest_route=%2Fwp%2Fv2%2Ftags&post=49087"}],"curies":[{"name":"wp","href":"https:\/\/api.w.org\/{rel}","templated":true}]}}