{"id":49091,"date":"2022-12-10T08:16:00","date_gmt":"2022-12-10T14:16:00","guid":{"rendered":"http:\/\/www.zonaroja.com.mx\/?p=49091"},"modified":"2022-12-10T07:36:56","modified_gmt":"2022-12-10T13:36:56","slug":"alista-sindicato-de-telebachillerato-primer-paro-de-labores-del-sexenio","status":"publish","type":"post","link":"https:\/\/zonaroja.com.mx\/?p=49091","title":{"rendered":"Alista Sindicato de Telebachillerato primer paro de labores del sexenio"},"content":{"rendered":"\n<p>Redacci\u00f3n\/Zona Roja.<\/p>\n\n\n\n<p>Oaxaca de Ju\u00e1rez, Oax., a 10 de diciembre de 2022.- El Sindicato \u00danico de Trabajadores del Telebachillerato Comunitario del Estado de Oaxaca (SUTTEBCEO) anunci\u00f3 un paro de labores indefinido a partir del pr\u00f3ximo lunes 12 de diciembre.<\/p>\n\n\n\n<p>Lo anterior ante la indecisi\u00f3n por parte del gobierno que encabeza Salom\u00f3n Jara Cruz para designar al o la titular del organismo educativo, lo que pone en riesgo el pago de sus prestaciones de fin de a\u00f1o.<\/p>\n\n\n\n<p>Seg\u00fan dieron a conocer en un comunicado emitido anoche, tambi\u00e9n fueron desde\u00f1ados por autoridades estatales ayer, luego de haber dado una conferencia de prensa al exterior del Palacio de Gobierno, en la capital, en que les hab\u00edan ofrecido una reuni\u00f3n.<\/p>\n\n\n\n<p>Lo anterior pone en juego el pago de las quincenas de este mes, pago de<\/p>\n\n\n\n<p>aguinaldo y prima vacacional, adem\u00e1s de las prestaciones pactadas en la revisi\u00f3n contractual adheridas al Contrato Colectivo de Trabajo y los recursos convenidos en el anexo de ejecuci\u00f3n para el pr\u00f3ximo ejercicio fiscal\u201d, detall\u00f3 el gremio.<\/p>\n\n\n\n<p>\u201cEs responsabilidad de cada uno de los agremiados luchar por los derechos laborales que por ley corresponden, por lo tanto, les exhortamos a que asistan de manera puntual, trayendo consigo sus tiendas de campa\u00f1a y dem\u00e1s materiales que consideren pertinentes para esta lucha indefinida\u201d, agreg\u00f3.<\/p>\n\n\n\n<p>Ayer la dirigencia encabezada por Celestino Jim\u00e9nez Aparicio dio una conferencia de prensa para detallar esta problem\u00e1tica, pero tras ello no fueron atendidos por la Secretar\u00eda de Gobierno que encabeza Jes\u00fas Romero L\u00f3pez.<\/p>\n\n\n\n<p>El Telebachillerato Comunitario del Estado de Oaxaca tiene aproximadamente&nbsp; 297 docentes y&nbsp; m\u00e1s de cinco mil alumnos en los 99 planteles que existen en la entidad.&nbsp;<\/p>\n","protected":false},"excerpt":{"rendered":"<p>Redacci\u00f3n\/Zona Roja. Oaxaca de Ju\u00e1rez, Oax., a 10 de diciembre de 2022.- El Sindicato \u00danico&hellip;<\/p>\n","protected":false},"author":2,"featured_media":49092,"comment_status":"closed","ping_status":"open","sticky":false,"template":"","format":"standard","meta":{"_lmt_disableupdate":"","_lmt_disable":"","_jetpack_memberships_contains_paid_content":false,"footnotes":""},"categories":[109,47],"tags":[],"class_list":["post-49091","post","type-post","status-publish","format-standard","has-post-thumbnail","hentry","category-minuto-a-minuto","category-zona-gris"],"jetpack_featured_media_url":"https:\/\/zonaroja.com.mx\/wp-content\/uploads\/2022\/12\/Sindicato-Telebachillerato-Comunitario.jpg","jetpack_sharing_enabled":true,"_links":{"self":[{"href":"https:\/\/zonaroja.com.mx\/index.php?rest_route=\/wp\/v2\/posts\/49091","targetHints":{"allow":["GET"]}}],"collection":[{"href":"https:\/\/zonaroja.com.mx\/index.php?rest_route=\/wp\/v2\/posts"}],"about":[{"href":"https:\/\/zonaroja.com.mx\/index.php?rest_route=\/wp\/v2\/types\/post"}],"author":[{"embeddable":true,"href":"https:\/\/zonaroja.com.mx\/index.php?rest_route=\/wp\/v2\/users\/2"}],"replies":[{"embeddable":true,"href":"https:\/\/zonaroja.com.mx\/index.php?rest_route=%2Fwp%2Fv2%2Fcomments&post=49091"}],"version-history":[{"count":1,"href":"https:\/\/zonaroja.com.mx\/index.php?rest_route=\/wp\/v2\/posts\/49091\/revisions"}],"predecessor-version":[{"id":49093,"href":"https:\/\/zonaroja.com.mx\/index.php?rest_route=\/wp\/v2\/posts\/49091\/revisions\/49093"}],"wp:featuredmedia":[{"embeddable":true,"href":"https:\/\/zonaroja.com.mx\/index.php?rest_route=\/wp\/v2\/media\/49092"}],"wp:attachment":[{"href":"https:\/\/zonaroja.com.mx\/index.php?rest_route=%2Fwp%2Fv2%2Fmedia&parent=49091"}],"wp:term":[{"taxonomy":"category","embeddable":true,"href":"https:\/\/zonaroja.com.mx\/index.php?rest_route=%2Fwp%2Fv2%2Fcategories&post=49091"},{"taxonomy":"post_tag","embeddable":true,"href":"https:\/\/zonaroja.com.mx\/index.php?rest_route=%2Fwp%2Fv2%2Ftags&post=49091"}],"curies":[{"name":"wp","href":"https:\/\/api.w.org\/{rel}","templated":true}]}}