{"id":49094,"date":"2022-12-10T09:37:00","date_gmt":"2022-12-10T15:37:00","guid":{"rendered":"http:\/\/www.zonaroja.com.mx\/?p=49094"},"modified":"2022-12-10T07:41:52","modified_gmt":"2022-12-10T13:41:52","slug":"edil-de-santa-lucia-del-camino-sigue-cumpliendo-en-materia-de-seguridad","status":"publish","type":"post","link":"https:\/\/zonaroja.com.mx\/?p=49094","title":{"rendered":"Edil de Santa Luc\u00eda del Camino sigue cumpliendo en materia de seguridad"},"content":{"rendered":"\n<p>Redacci\u00f3n\/Zona Roja.<\/p>\n\n\n\n<p>Oaxaca de Ju\u00e1rez, Oax., a 10 de diciembre de 2022.- Cumpliendo con una promesa dada a vecinas y vecinos de la colonia Calicanto, el presidente municipal de Santa Luc\u00eda del Camino, Juan Carlos Garc\u00eda M\u00e1rquez, entreg\u00f3 un M\u00f3dulo de Polic\u00eda que se ubica en inmediaciones del r\u00edo \u201cSalado\u201d, el cual servir\u00e1 para reforzar la seguridad en la zona.<\/p>\n\n\n\n<p>Acompa\u00f1ado por los presidentes de la colonia Calicanto y del fraccionamiento Ejidal, as\u00ed como concejales y el director de Seguridad Municipal, Marcos Fredy Hern\u00e1ndez, el edil reiter\u00f3 su compromiso de velar por el bienestar de las familias, y prueba de ello es la entrega de este M\u00f3dulo de Polic\u00eda, que adem\u00e1s de estar conectado al C-4, tambi\u00e9n integrar\u00e1 el proyecto del C-2 en el municipio.<\/p>\n\n\n\n<p>\u201cUn municipio vigilado es un municipio seguro, y quiero reconocer la participaci\u00f3n de todas y todos, porque es necesaria la participaci\u00f3n ciudadana. Podemos invertir mucho recurso en materia de infraestructura, pero si no tenemos la participaci\u00f3n de la ciudadan\u00eda no podemos avanzar\u201d, declar\u00f3 Juan Carlos Garc\u00eda M\u00e1rquez.<\/p>\n\n\n\n<p>En este primer a\u00f1o de administraci\u00f3n, el presidente municipal de Santa Luc\u00eda del Camino tiene previsto no solo instalar este arco de seguridad en la colonia Calicanto, tambi\u00e9n se har\u00e1 lo propio en la colonia Las Flores y en la colonia Fernando G\u00f3mez Sandoval.&nbsp;<\/p>\n\n\n\n<p>Ya en el segundo a\u00f1o de labores, se est\u00e1 trabajando en el proyecto para sumar m\u00e1s m\u00f3dulos en las colindancias con El Rosario y San Francisco Tutla, para as\u00ed blindar al municipio y que las familias puedan vivir en paz.<\/p>\n","protected":false},"excerpt":{"rendered":"<p>Redacci\u00f3n\/Zona Roja. Oaxaca de Ju\u00e1rez, Oax., a 10 de diciembre de 2022.- Cumpliendo con una&hellip;<\/p>\n","protected":false},"author":2,"featured_media":49095,"comment_status":"closed","ping_status":"open","sticky":false,"template":"","format":"standard","meta":{"_lmt_disableupdate":"","_lmt_disable":"","_jetpack_memberships_contains_paid_content":false,"footnotes":""},"categories":[109,46],"tags":[337],"class_list":["post-49094","post","type-post","status-publish","format-standard","has-post-thumbnail","hentry","category-minuto-a-minuto","category-zona-blanca","tag-santa-lucia-del-camino"],"jetpack_featured_media_url":"https:\/\/zonaroja.com.mx\/wp-content\/uploads\/2022\/12\/Juan-Carlos-Garcia-Marquez-Santa-Lucia-del-Camino.jpg","jetpack_sharing_enabled":true,"_links":{"self":[{"href":"https:\/\/zonaroja.com.mx\/index.php?rest_route=\/wp\/v2\/posts\/49094","targetHints":{"allow":["GET"]}}],"collection":[{"href":"https:\/\/zonaroja.com.mx\/index.php?rest_route=\/wp\/v2\/posts"}],"about":[{"href":"https:\/\/zonaroja.com.mx\/index.php?rest_route=\/wp\/v2\/types\/post"}],"author":[{"embeddable":true,"href":"https:\/\/zonaroja.com.mx\/index.php?rest_route=\/wp\/v2\/users\/2"}],"replies":[{"embeddable":true,"href":"https:\/\/zonaroja.com.mx\/index.php?rest_route=%2Fwp%2Fv2%2Fcomments&post=49094"}],"version-history":[{"count":1,"href":"https:\/\/zonaroja.com.mx\/index.php?rest_route=\/wp\/v2\/posts\/49094\/revisions"}],"predecessor-version":[{"id":49096,"href":"https:\/\/zonaroja.com.mx\/index.php?rest_route=\/wp\/v2\/posts\/49094\/revisions\/49096"}],"wp:featuredmedia":[{"embeddable":true,"href":"https:\/\/zonaroja.com.mx\/index.php?rest_route=\/wp\/v2\/media\/49095"}],"wp:attachment":[{"href":"https:\/\/zonaroja.com.mx\/index.php?rest_route=%2Fwp%2Fv2%2Fmedia&parent=49094"}],"wp:term":[{"taxonomy":"category","embeddable":true,"href":"https:\/\/zonaroja.com.mx\/index.php?rest_route=%2Fwp%2Fv2%2Fcategories&post=49094"},{"taxonomy":"post_tag","embeddable":true,"href":"https:\/\/zonaroja.com.mx\/index.php?rest_route=%2Fwp%2Fv2%2Ftags&post=49094"}],"curies":[{"name":"wp","href":"https:\/\/api.w.org\/{rel}","templated":true}]}}