{"id":4910,"date":"2019-10-17T18:19:37","date_gmt":"2019-10-17T23:19:37","guid":{"rendered":"http:\/\/www.zonaroja.com.mx\/?p=4910"},"modified":"2019-10-17T18:19:43","modified_gmt":"2019-10-17T23:19:43","slug":"varones-agresores-de-san-antonio-de-la-cal-justifican-golpiza-a-una-mujer","status":"publish","type":"post","link":"https:\/\/zonaroja.com.mx\/?p=4910","title":{"rendered":"Varones agresores de San Antonio de la Cal justifican golpiza a una mujer"},"content":{"rendered":"\n<p>Redacci\u00f3n\/Zona Roja.<\/p>\n\n\n\n<p>Oaxaca de Ju\u00e1rez, Oax., 17 de octubre\nde 2019.- Horacio Jim\u00e9nez M\u00e9ndez, Wily Garc\u00eda y Carlos Garc\u00eda M\u00e9ndez,\nhabitantes del paraje \u00bb La Cueva del Coyote\u00bb del municipio de San\nAntonio de la Cal, justificaron la violencia que ejercieron recientemente en\ncontra de Alma Delia M\u00e9ndez Santiago, al asegurar que se trata de una familia\nque busca apoderarse de un predio.<\/p>\n\n\n\n<p>En conferencia de prensa, desmintieron\nlas acusaciones que las se\u00f1oras Dominga Santiago L\u00f3pez, su hija Alma Delia\nM\u00e9ndez Santiago y su hijo Francisco Jim\u00e9nez Santiago hicieron en su contra, por\nlas agresiones que quedaron registradas en un video en el que se ve que uno de\nellos ahorca con violencia extrema a una de las mujeres.<\/p>\n\n\n\n<p>\u201cNos acusan de que somos abusivos y que\nles queremos quitar sus predios, estamos hartos de esta se\u00f1ora que la ponen\ncomo una blanca palomita pero no es as\u00ed, nosotros no queremos sus terrenos, es\nm\u00e1s el predio no es de su propiedad, es mentira que tenga las escrituras\u201d,\nindico Horacio Jim\u00e9nez M\u00e9ndez.<\/p>\n\n\n\n<p>En este sentido, indic\u00f3 que si la justicia va intervenir que sea pareja y se haga de conocimiento p\u00fablico todo el video en que se puede ver que fueron las se\u00f1oras quienes iniciaron el conflicto que lamentablemente se sali\u00f3 de control en perjuicio de ellos.<\/p>\n\n\n\n<figure class=\"wp-block-embed-twitter wp-block-embed is-type-rich is-provider-twitter\"><div class=\"wp-block-embed__wrapper\">\n<div class=\"twitter-tweet\"><blockquote class=\"twitter-tweet\" data-lang=\"es\"><p lang=\"es\" dir=\"ltr\"><a href=\"https:\/\/twitter.com\/hashtag\/OaxacaGris?src=hash&amp;ref_src=twsrc%5Etfw\">#OaxacaGris<\/a><br>En conferencia de prensa, pobladores de San Antonio de la Cal justificaron la golpiza que dieron a una mujer, Alma Delia, la semana pasada, por la disputa de un terreno. \u201cElla es agresiva, s\u00f3lo me defend\u00ed\u201d, dice uno de ellos. <a href=\"https:\/\/t.co\/YJOpO1kBX1\">pic.twitter.com\/YJOpO1kBX1<\/a><\/p>&mdash; Zona Roja Oaxaca (@MexRoja) <a href=\"https:\/\/twitter.com\/MexRoja\/status\/1184869577387212801?ref_src=twsrc%5Etfw\">17 de octubre de 2019<\/a><\/blockquote><\/div>\n<\/div><\/figure>\n\n\n\n<p>Carlos Garc\u00eda, agresor f\u00edsico de la\nmujer, asegur\u00f3 que su actuar fue en defensa propia ya que fueron atacados\npreviamente cuando arribaron al lugar a dialogar con la familia, a la par que\nexplic\u00f3 que Alma Delia ya cuenta con antecedentes negativos en la poblaci\u00f3n,\nincluso con demandas penales.<\/p>\n\n\n\n<p>\u201cMi defensa propia porque la se\u00f1ora\nllego con el machete y se me fue encima, mientras que su mam\u00e1 me dio un\ngarrotazo en la cabeza\u201d, dijo a la vez que insisti\u00f3 en que el predio no es de\nlas mujeres que aseguran contar con las escrituras del mismo.<\/p>\n\n\n\n<p>Reiteraron que el video difundido no est\u00e1 completo, por el contrario fue manipulado a favor de las mujeres, a la par que indicaron forman parte del Comit\u00e9 de \u201cLa Cueva del Coyote\u201d y no son paracaidistas, en defensa de los predios que se encuentran en conflicto desde hace a\u00f1os, y aunque contaban con la palabra de la familia que se conducir\u00edan con respeto y sin violencia, en d\u00edas pasados provocaron lo contrario.\u00a0 <\/p>\n\n\n\n<figure class=\"wp-block-embed-twitter wp-block-embed is-type-rich is-provider-twitter\"><div class=\"wp-block-embed__wrapper\">\n<div class=\"twitter-tweet\"><blockquote class=\"twitter-tweet\" data-lang=\"es\"><p lang=\"es\" dir=\"ltr\"><a href=\"https:\/\/twitter.com\/hashtag\/OaxacaRojo?src=hash&amp;ref_src=twsrc%5Etfw\">#OaxacaRojo<\/a><br>\u00bfRecuerda el caso de la mujer que fue golpeada por hombres en San Antonio de la Cal? Esta es la historia de Alma Amalia M\u00e9ndez Santiago, que hasta el momento no haya justicia. <a href=\"https:\/\/twitter.com\/DDHPO?ref_src=twsrc%5Etfw\">@DDHPO<\/a> <a href=\"https:\/\/twitter.com\/Fridaguerrera?ref_src=twsrc%5Etfw\">@Fridaguerrera<\/a> <a href=\"https:\/\/twitter.com\/GES_Mujer?ref_src=twsrc%5Etfw\">@GES_Mujer<\/a> <a href=\"https:\/\/twitter.com\/consorciooaxaca?ref_src=twsrc%5Etfw\">@consorciooaxaca<\/a> <a href=\"https:\/\/t.co\/WfTfzHHvp9\">pic.twitter.com\/WfTfzHHvp9<\/a><\/p>&mdash; Zona Roja Oaxaca (@MexRoja) <a href=\"https:\/\/twitter.com\/MexRoja\/status\/1184317740997337088?ref_src=twsrc%5Etfw\">16 de octubre de 2019<\/a><\/blockquote><\/div>\n<\/div><\/figure>\n\n\n\n<p>\u201cLa se\u00f1ora se dedica a defraudar a las\npersonas, tenemos documentos que lo comprueban, al vender en varias ocasiones\nel predio que asegura que es suyo, pero no es as\u00ed. Ahora quieren invadir otras\ndos hect\u00e1reas para continuar haciendo sus fraudes\u201d, indicaron.<\/p>\n\n\n\n<p>Finalmente se\u00f1alaron que el edil de San Antonio de la Cal, Eliseo M\u00e9ndez, se est\u00e1 desentendiendo de la situaci\u00f3n, debido a que tambi\u00e9n quiere los predios para \u00e9l y su Cabildo, aunque existe una sentencia que asegura que se trata de terrenos ejidales que no pueden ponerse en venta, mientras no exista la aprobaci\u00f3n de la poblaci\u00f3n.<\/p>\n\n\n\n<figure class=\"wp-block-embed-twitter wp-block-embed is-type-rich is-provider-twitter\"><div class=\"wp-block-embed__wrapper\">\n<div class=\"twitter-tweet\"><blockquote class=\"twitter-tweet\" data-lang=\"es\"><p lang=\"es\" dir=\"ltr\"><a href=\"https:\/\/twitter.com\/hashtag\/OaxacaRojo?src=hash&amp;ref_src=twsrc%5Etfw\">#OaxacaRojo<\/a><br>La violencia contra mujeres, al extremo en <a href=\"https:\/\/twitter.com\/hashtag\/Oaxaca?src=hash&amp;ref_src=twsrc%5Etfw\">#Oaxaca<\/a>; as\u00ed fue maltratada esta femenina en San Antonio de la Cal por presuntos ejidatarios. Ni la <a href=\"https:\/\/twitter.com\/DDHPO?ref_src=twsrc%5Etfw\">@DDHPO<\/a> ni la <a href=\"https:\/\/twitter.com\/SMO_GobOax?ref_src=twsrc%5Etfw\">@SMO_GobOax<\/a> ni la <a href=\"https:\/\/twitter.com\/FISCALIA_GobOax?ref_src=twsrc%5Etfw\">@FISCALIA_GobOax<\/a> se han pronunciado ni por \u00e9ste ni por por ataques a A\u00edda Hern\u00e1ndez en Xanica. <a href=\"https:\/\/t.co\/7Y2P4JEe2H\">pic.twitter.com\/7Y2P4JEe2H<\/a><\/p>&mdash; Zona Roja Oaxaca (@MexRoja) <a href=\"https:\/\/twitter.com\/MexRoja\/status\/1182037106249654272?ref_src=twsrc%5Etfw\">9 de octubre de 2019<\/a><\/blockquote><\/div>\n<\/div><\/figure>\n","protected":false},"excerpt":{"rendered":"<p>Redacci\u00f3n\/Zona Roja. Oaxaca de Ju\u00e1rez, Oax., 17 de octubre de 2019.- Horacio Jim\u00e9nez M\u00e9ndez, Wily&hellip;<\/p>\n","protected":false},"author":2,"featured_media":4911,"comment_status":"closed","ping_status":"open","sticky":false,"template":"","format":"standard","meta":{"_lmt_disableupdate":"","_lmt_disable":"","_jetpack_memberships_contains_paid_content":false,"footnotes":""},"categories":[109,51],"tags":[875],"class_list":["post-4910","post","type-post","status-publish","format-standard","has-post-thumbnail","hentry","category-minuto-a-minuto","category-zona-roja","tag-san-antonio-de-la-cal"],"jetpack_featured_media_url":"https:\/\/zonaroja.com.mx\/wp-content\/uploads\/2019\/10\/IMG_8959.jpg","jetpack_sharing_enabled":true,"_links":{"self":[{"href":"https:\/\/zonaroja.com.mx\/index.php?rest_route=\/wp\/v2\/posts\/4910","targetHints":{"allow":["GET"]}}],"collection":[{"href":"https:\/\/zonaroja.com.mx\/index.php?rest_route=\/wp\/v2\/posts"}],"about":[{"href":"https:\/\/zonaroja.com.mx\/index.php?rest_route=\/wp\/v2\/types\/post"}],"author":[{"embeddable":true,"href":"https:\/\/zonaroja.com.mx\/index.php?rest_route=\/wp\/v2\/users\/2"}],"replies":[{"embeddable":true,"href":"https:\/\/zonaroja.com.mx\/index.php?rest_route=%2Fwp%2Fv2%2Fcomments&post=4910"}],"version-history":[{"count":1,"href":"https:\/\/zonaroja.com.mx\/index.php?rest_route=\/wp\/v2\/posts\/4910\/revisions"}],"predecessor-version":[{"id":4912,"href":"https:\/\/zonaroja.com.mx\/index.php?rest_route=\/wp\/v2\/posts\/4910\/revisions\/4912"}],"wp:featuredmedia":[{"embeddable":true,"href":"https:\/\/zonaroja.com.mx\/index.php?rest_route=\/wp\/v2\/media\/4911"}],"wp:attachment":[{"href":"https:\/\/zonaroja.com.mx\/index.php?rest_route=%2Fwp%2Fv2%2Fmedia&parent=4910"}],"wp:term":[{"taxonomy":"category","embeddable":true,"href":"https:\/\/zonaroja.com.mx\/index.php?rest_route=%2Fwp%2Fv2%2Fcategories&post=4910"},{"taxonomy":"post_tag","embeddable":true,"href":"https:\/\/zonaroja.com.mx\/index.php?rest_route=%2Fwp%2Fv2%2Ftags&post=4910"}],"curies":[{"name":"wp","href":"https:\/\/api.w.org\/{rel}","templated":true}]}}