{"id":49108,"date":"2022-12-10T17:19:03","date_gmt":"2022-12-10T23:19:03","guid":{"rendered":"http:\/\/www.zonaroja.com.mx\/?p=49108"},"modified":"2022-12-10T17:19:05","modified_gmt":"2022-12-10T23:19:05","slug":"anuncian-jornada-de-lucha-trabajadores-despedidos-del-maco","status":"publish","type":"post","link":"https:\/\/zonaroja.com.mx\/?p=49108","title":{"rendered":"Anuncian jornada de lucha trabajadores despedidos del MACO"},"content":{"rendered":"\n<p>Yuridiana Sosa\/Zona Roja.<\/p>\n\n\n\n<p>Oaxaca de Ju\u00e1rez, Oax., 10 de diciembre de 2022.- Acompa\u00f1ados de organismos defensores de derechos humanos, trabajadores del Museo de Arte Contempor\u00e1neo de Oaxaca (MACO) anunciaron que, ante la omisi\u00f3n en sus pagos, iniciar\u00e1n una jornada de lucha para exigir sus salarios vencidos desde hace casi dos a\u00f1os y evitar la privatizaci\u00f3n del espacio.<\/p>\n\n\n\n<p>Agrupados en el Colectivo Fuerza Trabajadores MACO, los afectados se\u00f1alaron que persiste el hostigamiento y amenazas de por parte de Rub\u00e9n Leyva, Jos\u00e9 Luis Bustamante del Valle y Mayela Audelo, que integran la asociaci\u00f3n civil Amigos del MACO A.C, y quienes administran el lugar, para que desistan en sus denuncias legales y sociales.<\/p>\n\n\n\n<p>\u201cAmigos del Maco A.C. dinero tienen, verg\u00fcenza no. Paguen todo lo que nos deben\u201d, expresaron los trabajadores en una manta colocada en el exterior del museo durante la conferencia de prensa de este s\u00e1bado.<\/p>\n\n\n\n<p>Adem\u00e1s del problema con sus salarios, apuntaron que se encuentran preocupados ante la presunta intenci\u00f3n de los administradores de privatizar el MACO, espacio que naci\u00f3 para poner el arte al alcance de los oaxaque\u00f1os y visitantes.<\/p>\n\n\n\n<p>\u201cHacemos un llamado a la comunidad y autoridades del estado para que no permitan que un museo que naci\u00f3 con la intenci\u00f3n de ser un espacio p\u00fablico y con acceso para todas y todos sea privatizado. Queremos justicia\u201d, manifestaron los afectados.<\/p>\n\n\n\n<figure class=\"wp-block-embed is-type-rich is-provider-twitter wp-block-embed-twitter\"><div class=\"wp-block-embed__wrapper\">\n<div class=\"twitter-tweet\"><blockquote class=\"twitter-tweet\" data-lang=\"es\"><p lang=\"es\" dir=\"ltr\"><a href=\"https:\/\/twitter.com\/hashtag\/%C3%9AltimoMinuto?src=hash&amp;ref_src=twsrc%5Etfw\">#\u00daltimoMinuto<\/a><br>Con el apoyo de organismos de derechos humanos, ex trabajadores del <a href=\"https:\/\/twitter.com\/MACOaxaca?ref_src=twsrc%5Etfw\">@MACOaxaca<\/a> denuncian de nuevo que hasta ahora la asociaci\u00f3n civil \u201cAmigos del MACO\u201d no les ha cubierto salarios, a casi dos a\u00f1os del despido. <a href=\"https:\/\/t.co\/JbSVFdTVhW\">pic.twitter.com\/JbSVFdTVhW<\/a><\/p>&mdash; Zona Roja Oaxaca (@ZonaRoja_Oaxaca) <a href=\"https:\/\/twitter.com\/ZonaRoja_Oaxaca\/status\/1601667630867574784?ref_src=twsrc%5Etfw\">10 de diciembre de 2022<\/a><\/blockquote><\/div>\n<\/div><\/figure>\n\n\n\n<p>MOVILIZACI\u00d3N<\/p>\n\n\n\n<p>Con la ayuda de organizaciones como Comit\u00e9 de Defensa Integral de Derechos Humanos Gobixha A.C., C\u00f3digo DH, Centro Regional de Derechos Humanos \u00abBartolom\u00e9 Carrasco Brise\u00f1o\u00bb Barca-DH, Servicios del Pueblo Mixe y Centro Profesional Ind\u00edgena de Asesor\u00eda, Defensa y Traducci\u00f3n A.C. (CEPIADET) emprender\u00e1n una jornada desde enero hasta abril para defender al museo.<\/p>\n\n\n\n<p>A partir de enero, cada d\u00eda 10 de cada mes hasta abril, realizar\u00e1n actividades que denominaron de resistencia y difusi\u00f3n cultural, al exterior del MACO, sobre el andador tur\u00edstico Macedonio Alcal\u00e1.<\/p>\n\n\n\n<p>La actividad conmemora que el 10 de abril de 2021 fueron desalojados los trabajadores que resguardaban el lugar; a partir del 10 de abril de 2023 realizar\u00e1n durante los siguientes 5 d\u00edas eventos art\u00edsticos en los que destacar\u00e1n la defensa del museo como un espacio al alcance de todos.<\/p>\n\n\n\n<p>ANTECEDENTES<\/p>\n\n\n\n<p>En diciembre de 2020, en medio de la pandemia por Covid-19, los trabajadores del MACO iniciaron una protesta pac\u00edfica para denunciar la falta de sus pagos quincenales, desde abril de ese a\u00f1o.<\/p>\n\n\n\n<p>En febrero de 2021, por medio de donaciones de artistas, los 19 afectados lograron recibir una parte de sus salarios atrasados, por la cantidad de 10 mil pesos, con el compromiso de la asociaci\u00f3n Amigos del MACO de cubrir meses despu\u00e9s el resto.<\/p>\n\n\n\n<p>A partir de esa fecha los trabajadores tambi\u00e9n iniciaron denuncias legales en materia laboral, pero el proceso presenta m\u00faltiples irregularidades.<\/p>\n","protected":false},"excerpt":{"rendered":"<p>Yuridiana Sosa\/Zona Roja. Oaxaca de Ju\u00e1rez, Oax., 10 de diciembre de 2022.- Acompa\u00f1ados de organismos&hellip;<\/p>\n","protected":false},"author":2,"featured_media":49109,"comment_status":"closed","ping_status":"open","sticky":false,"template":"","format":"standard","meta":{"_lmt_disableupdate":"","_lmt_disable":"","_jetpack_memberships_contains_paid_content":false,"footnotes":""},"categories":[109,47],"tags":[2298],"class_list":["post-49108","post","type-post","status-publish","format-standard","has-post-thumbnail","hentry","category-minuto-a-minuto","category-zona-gris","tag-museo-de-arte-contemporaneo-de-oaxaca-maco"],"jetpack_featured_media_url":"https:\/\/zonaroja.com.mx\/wp-content\/uploads\/2022\/12\/Protesta-trabajadores-MACO-Museo-de-Arte-Contemporaneo.jpg","jetpack_sharing_enabled":true,"_links":{"self":[{"href":"https:\/\/zonaroja.com.mx\/index.php?rest_route=\/wp\/v2\/posts\/49108","targetHints":{"allow":["GET"]}}],"collection":[{"href":"https:\/\/zonaroja.com.mx\/index.php?rest_route=\/wp\/v2\/posts"}],"about":[{"href":"https:\/\/zonaroja.com.mx\/index.php?rest_route=\/wp\/v2\/types\/post"}],"author":[{"embeddable":true,"href":"https:\/\/zonaroja.com.mx\/index.php?rest_route=\/wp\/v2\/users\/2"}],"replies":[{"embeddable":true,"href":"https:\/\/zonaroja.com.mx\/index.php?rest_route=%2Fwp%2Fv2%2Fcomments&post=49108"}],"version-history":[{"count":1,"href":"https:\/\/zonaroja.com.mx\/index.php?rest_route=\/wp\/v2\/posts\/49108\/revisions"}],"predecessor-version":[{"id":49110,"href":"https:\/\/zonaroja.com.mx\/index.php?rest_route=\/wp\/v2\/posts\/49108\/revisions\/49110"}],"wp:featuredmedia":[{"embeddable":true,"href":"https:\/\/zonaroja.com.mx\/index.php?rest_route=\/wp\/v2\/media\/49109"}],"wp:attachment":[{"href":"https:\/\/zonaroja.com.mx\/index.php?rest_route=%2Fwp%2Fv2%2Fmedia&parent=49108"}],"wp:term":[{"taxonomy":"category","embeddable":true,"href":"https:\/\/zonaroja.com.mx\/index.php?rest_route=%2Fwp%2Fv2%2Fcategories&post=49108"},{"taxonomy":"post_tag","embeddable":true,"href":"https:\/\/zonaroja.com.mx\/index.php?rest_route=%2Fwp%2Fv2%2Ftags&post=49108"}],"curies":[{"name":"wp","href":"https:\/\/api.w.org\/{rel}","templated":true}]}}