{"id":49116,"date":"2022-12-11T08:31:00","date_gmt":"2022-12-11T14:31:00","guid":{"rendered":"http:\/\/www.zonaroja.com.mx\/?p=49116"},"modified":"2022-12-11T06:33:40","modified_gmt":"2022-12-11T12:33:40","slug":"recrudece-violencia-en-mexico-7-asesinados-en-guerrero-y-5-en-jalisco","status":"publish","type":"post","link":"https:\/\/zonaroja.com.mx\/?p=49116","title":{"rendered":"Recrudece violencia en M\u00e9xico: 7 asesinados en Guerrero y 5 en Jalisco"},"content":{"rendered":"\n<p>Redacci\u00f3n\/Zona Roja Cdmx.<\/p>\n\n\n\n<p>Ciudad de M\u00e9xico, a 11 de diciembre de 2022.- La jornada violenta del s\u00e1bado en M\u00e9xico dej\u00f3 al menos 12 personas asesinadas, en Guerrero y en Jalisco.<\/p>\n\n\n\n<p>En la comunidad de El Durazno, municipio de Coyuca de Catal\u00e1n, un grupo armado ingres\u00f3 a varios domicilios, sac\u00f3 a las personas y las llev\u00f3 a una escuela primaria, donde las ejecut\u00f3.<\/p>\n\n\n\n<p>El hecho ocurri\u00f3 alrededor de las 14:00 horas en que el comando puso en fila a las v\u00edctimas y les dispar\u00f3, muriendo siete de ellos en el acto y uno m\u00e1s fue trasladado a un hospital; seg\u00fan los propios vecinos, los criminales pertenec\u00edan al grupo de \u201cLa Familia Michoacana\u201d.<\/p>\n\n\n\n<p>La semana pasada, tambi\u00e9n en Coyuca de Catal\u00e1n, un comando ingres\u00f3 al reclusorio y sac\u00f3 a un interno, identificado como Samuel \u00c1vila.<\/p>\n\n\n\n<p>Mientras tanto, en el municipio de Zacoalco, en Jalisco, ayer se registr\u00f3 un enfrentamiento entre militares y presuntos delincuentes, con saldo de cinco personas asesinadas y tres m\u00e1s detenidas.<\/p>\n\n\n\n<p>Los hechos sucedieron en ma\u00f1ana de ayer s\u00e1bado en un camino que conduce al poblado Barranca de los Laureles, donde arribaron las fuerzas policiacas tras la denuncia de la presencia de un grupo armado, lo que desat\u00f3 la balacera.<\/p>\n","protected":false},"excerpt":{"rendered":"<p>Redacci\u00f3n\/Zona Roja Cdmx. Ciudad de M\u00e9xico, a 11 de diciembre de 2022.- La jornada violenta&hellip;<\/p>\n","protected":false},"author":2,"featured_media":49034,"comment_status":"closed","ping_status":"open","sticky":false,"template":"","format":"standard","meta":{"_lmt_disableupdate":"","_lmt_disable":"","_jetpack_memberships_contains_paid_content":false,"footnotes":""},"categories":[109,51],"tags":[1746],"class_list":["post-49116","post","type-post","status-publish","format-standard","has-post-thumbnail","hentry","category-minuto-a-minuto","category-zona-roja","tag-violencia-en-mexico"],"jetpack_featured_media_url":"https:\/\/zonaroja.com.mx\/wp-content\/uploads\/2022\/12\/Escena-crimen-violencia-asesinato-y.jpeg","jetpack_sharing_enabled":true,"_links":{"self":[{"href":"https:\/\/zonaroja.com.mx\/index.php?rest_route=\/wp\/v2\/posts\/49116","targetHints":{"allow":["GET"]}}],"collection":[{"href":"https:\/\/zonaroja.com.mx\/index.php?rest_route=\/wp\/v2\/posts"}],"about":[{"href":"https:\/\/zonaroja.com.mx\/index.php?rest_route=\/wp\/v2\/types\/post"}],"author":[{"embeddable":true,"href":"https:\/\/zonaroja.com.mx\/index.php?rest_route=\/wp\/v2\/users\/2"}],"replies":[{"embeddable":true,"href":"https:\/\/zonaroja.com.mx\/index.php?rest_route=%2Fwp%2Fv2%2Fcomments&post=49116"}],"version-history":[{"count":1,"href":"https:\/\/zonaroja.com.mx\/index.php?rest_route=\/wp\/v2\/posts\/49116\/revisions"}],"predecessor-version":[{"id":49117,"href":"https:\/\/zonaroja.com.mx\/index.php?rest_route=\/wp\/v2\/posts\/49116\/revisions\/49117"}],"wp:featuredmedia":[{"embeddable":true,"href":"https:\/\/zonaroja.com.mx\/index.php?rest_route=\/wp\/v2\/media\/49034"}],"wp:attachment":[{"href":"https:\/\/zonaroja.com.mx\/index.php?rest_route=%2Fwp%2Fv2%2Fmedia&parent=49116"}],"wp:term":[{"taxonomy":"category","embeddable":true,"href":"https:\/\/zonaroja.com.mx\/index.php?rest_route=%2Fwp%2Fv2%2Fcategories&post=49116"},{"taxonomy":"post_tag","embeddable":true,"href":"https:\/\/zonaroja.com.mx\/index.php?rest_route=%2Fwp%2Fv2%2Ftags&post=49116"}],"curies":[{"name":"wp","href":"https:\/\/api.w.org\/{rel}","templated":true}]}}