{"id":49123,"date":"2022-12-11T12:02:00","date_gmt":"2022-12-11T18:02:00","guid":{"rendered":"http:\/\/www.zonaroja.com.mx\/?p=49123"},"modified":"2022-12-11T07:05:15","modified_gmt":"2022-12-11T13:05:15","slug":"regresan-los-cubreboca-a-nueva-york-ante-alza-de-covid-19","status":"publish","type":"post","link":"https:\/\/zonaroja.com.mx\/?p=49123","title":{"rendered":"Regresan los cubreboca a Nueva York, ante alza de Covid-19"},"content":{"rendered":"\n<p>Redacci\u00f3n\/Zona Roja Cdmx.<\/p>\n\n\n\n<p>Ciudad de M\u00e9xico, a 11 de diciembre de 2022.- El Comisionado de Salud de la Ciudad de Nueva York emiti\u00f3 el viernes un aviso de salud que insta a los residentes a usar mascarillas dentro de los lugares p\u00fablicos cerrados y al aire libre cuando est\u00e9n entre mucha gente.<\/p>\n\n\n\n<p>La medida se produce al tiempo que la ciudad experimenta \u201cpicos simult\u00e1neos inusualmente altos\u201d de Covid-19 y otras enfermedades estacionales, dijo el departamento de salud en un comunicado.<\/p>\n\n\n\n<p>El aviso \u201ces especialmente importante para las personas que conviven con personas que tienen un mayor riesgo de complicaciones por Covid-19, RSV o gripe, como las personas mayores de 65 a\u00f1os y las personas inmunocomprometidas\u201d.<\/p>\n\n\n\n<p>\u201cLa temporada navide\u00f1a se trata de uni\u00f3n y hay forma de reunirse de manera segura, incluso cuando los virus respiratorios en nuestra ciudad son inusualmente altos\u201d, dijo el Comisionado de Salud, Ashwin Vasan.<\/p>\n\n\n\n<p>El Gobierno de M\u00e9xico elimin\u00f3 el uso obligatorio de cubrebocas en lugares cerrados a principios de octubre con algunas restricciones.<\/p>\n\n\n\n<p>Sin embargo la medida puede aplicarse de manera diferente por estado ya que es el poder legislativo estatal el que debe aprobar una serie de modificaciones legales para que esta condici\u00f3n cambie.<\/p>\n\n\n\n<p>Los estados que a\u00fan no han eliminado el uso obligatorio de mascarilla son los siguientes:<\/p>\n\n\n\n<p>Oaxaca. Aplica para espacios cerrados.<\/p>\n\n\n\n<p>Morelos. La mascarilla debe usarse en espacios cerrados y transporte p\u00fablico.<\/p>\n\n\n\n<p>Tamaulipas. Se mantiene la obligatoriedad del uso de cubrebocas en lugares p\u00fablicos y privados.<\/p>\n\n\n\n<p>Hidalgo. A\u00fan es obligatorio del cubrebocas en lugares p\u00fablicos y centros comerciales as\u00ed como aplicaci\u00f3n de gel antibacterial, aunque la poblaci\u00f3n ha relajado un poco estas medidas.<\/p>\n\n\n\n<p>Chihuahua. Se recomienda para personas con sintomatolog\u00eda aguda; para quienes pertenecen a alguno de los grupos vulnerables o que no est\u00e9n vacunados contra el virus SARS-CoV-2.<\/p>\n\n\n\n<p>Zacatecas. La obligatoriedad del uso del cubrebocas se establece en v\u00edas y espacios p\u00fablicos de uso com\u00fan, cerrado o al aire libre.<\/p>\n\n\n\n<p>Aguascalientes. La ciudadan\u00eda debe utilizar el cubrebocas en todos los espacios p\u00fablicos aunque en la calle son pocas personas quienes lo portan.<\/p>\n\n\n\n<p>(Informaci\u00f3n de \u201cEl Financiero\u201d)<\/p>\n","protected":false},"excerpt":{"rendered":"<p>Redacci\u00f3n\/Zona Roja Cdmx. Ciudad de M\u00e9xico, a 11 de diciembre de 2022.- El Comisionado de&hellip;<\/p>\n","protected":false},"author":2,"featured_media":11625,"comment_status":"closed","ping_status":"open","sticky":false,"template":"","format":"standard","meta":{"_lmt_disableupdate":"","_lmt_disable":"","_jetpack_memberships_contains_paid_content":false,"footnotes":""},"categories":[109,47],"tags":[1510],"class_list":["post-49123","post","type-post","status-publish","format-standard","has-post-thumbnail","hentry","category-minuto-a-minuto","category-zona-gris","tag-coronavirus-pandemia-global"],"jetpack_featured_media_url":"https:\/\/zonaroja.com.mx\/wp-content\/uploads\/2020\/04\/Cubrebocas2.jpg","jetpack_sharing_enabled":true,"_links":{"self":[{"href":"https:\/\/zonaroja.com.mx\/index.php?rest_route=\/wp\/v2\/posts\/49123","targetHints":{"allow":["GET"]}}],"collection":[{"href":"https:\/\/zonaroja.com.mx\/index.php?rest_route=\/wp\/v2\/posts"}],"about":[{"href":"https:\/\/zonaroja.com.mx\/index.php?rest_route=\/wp\/v2\/types\/post"}],"author":[{"embeddable":true,"href":"https:\/\/zonaroja.com.mx\/index.php?rest_route=\/wp\/v2\/users\/2"}],"replies":[{"embeddable":true,"href":"https:\/\/zonaroja.com.mx\/index.php?rest_route=%2Fwp%2Fv2%2Fcomments&post=49123"}],"version-history":[{"count":1,"href":"https:\/\/zonaroja.com.mx\/index.php?rest_route=\/wp\/v2\/posts\/49123\/revisions"}],"predecessor-version":[{"id":49124,"href":"https:\/\/zonaroja.com.mx\/index.php?rest_route=\/wp\/v2\/posts\/49123\/revisions\/49124"}],"wp:featuredmedia":[{"embeddable":true,"href":"https:\/\/zonaroja.com.mx\/index.php?rest_route=\/wp\/v2\/media\/11625"}],"wp:attachment":[{"href":"https:\/\/zonaroja.com.mx\/index.php?rest_route=%2Fwp%2Fv2%2Fmedia&parent=49123"}],"wp:term":[{"taxonomy":"category","embeddable":true,"href":"https:\/\/zonaroja.com.mx\/index.php?rest_route=%2Fwp%2Fv2%2Fcategories&post=49123"},{"taxonomy":"post_tag","embeddable":true,"href":"https:\/\/zonaroja.com.mx\/index.php?rest_route=%2Fwp%2Fv2%2Ftags&post=49123"}],"curies":[{"name":"wp","href":"https:\/\/api.w.org\/{rel}","templated":true}]}}