{"id":49125,"date":"2022-12-11T10:05:00","date_gmt":"2022-12-11T16:05:00","guid":{"rendered":"http:\/\/www.zonaroja.com.mx\/?p=49125"},"modified":"2022-12-11T07:20:45","modified_gmt":"2022-12-11T13:20:45","slug":"denuncian-chimalapas-falta-de-seriedad-de-gobiernos-en-conflicto-con-chiapas","status":"publish","type":"post","link":"https:\/\/zonaroja.com.mx\/?p=49125","title":{"rendered":"Denuncian Chimalapas falta de seriedad de gobiernos en conflicto con Chiapas"},"content":{"rendered":"\n<p>Redacci\u00f3n\/Zona Roja.<\/p>\n\n\n\n<p>Oaxaca de Ju\u00e1rez, Oax., a 11 de diciembre de 2022.- El Comisariado de Bienes Comunales de Santa Mar\u00eda Chimalapa denunci\u00f3 omisi\u00f3n y falta de seriedad de los gobiernos federal y estatal para dar seguimiento a la problem\u00e1tica de l\u00edmites con el vecino estado de Chiapas.<\/p>\n\n\n\n<p>En un comunicado, el organismo agrario inform\u00f3 que hasta el momento el conflicto agrario y de l\u00edmites en ese municipio y en San Miguel Chimalapa sigue sin materializarse, pese a la confirmaci\u00f3n a su favor por parte de la Suprema Corte de Justicia de la Naci\u00f3n.<\/p>\n\n\n\n<p>Record\u00f3 que hace un a\u00f1o, la m\u00e1xima instancia judicial del pa\u00eds dirimi\u00f3 la Controversia Constitucional Expediente 121\/2012, que dict\u00f3 a favor de las comunidades oaxaque\u00f1as.&nbsp;<\/p>\n\n\n\n<p>Sin embargo, no se ha concretado \u201cpor falta de atenci\u00f3n y seriedad del gobernador anterior Alejandro Murat Hinojosa, pese a que el 15 de febrero de este a\u00f1o 2022 lleg\u00f3 a nuestra cabecera comunal y se comprometi\u00f3 a dar seguimiento para la total soluci\u00f3n del l\u00edmite municipal que al mismo tiempo es l\u00edmite estatal.<\/p>\n\n\n\n<p>\u201cTermin\u00f3 su periodo y no se realiz\u00f3 ning\u00fan trabajo para atender este asunto; ahora el nuevo gobernador Ing. Salom\u00f3n Jara inicio con sus ma\u00f1aneras diciendo que el conflicto lo quiere solucionar a su manera y tomando los argumentos de los que invaden nuestro territorio comunal.<\/p>\n\n\n\n<p>\u201cAhora el Gobierno Federal a trav\u00e9s de la Sedatu, en lo principal el titular de la Delegaci\u00f3n de la Procuradur\u00eda Agraria se la pasa diciendo, informando sin hacer cosas serias, sin dar seguimiento a los acuerdos que se toman y con enga\u00f1os\u201d, expuso el Comisariado.<\/p>\n\n\n\n<p>Detall\u00f3 que que desde el pasado 20 de agosto se les dijo que llegar\u00eda el procurador agrario a Santa Maria Chimalapa, lo cual no cumpli\u00f3; despu\u00e9s los citaron en la ciudad de M\u00e9xico el pasado 15 de noviembre, lo que no se pudo concretar por un bloqueo carretero.<\/p>\n\n\n\n<p>\u201cDesde esa fecha hasta ahora todo se ha olvidado y se ha abandonado\u201d, inform\u00f3, al detallar sus demandas, entre ellas que las autoridades federales y estatales reconozcan que las comunidades Chimalapas son due\u00f1as de su territorio comunal.<\/p>\n\n\n\n<p>La nulidad total inmediata de todas las resoluciones presidenciales, acta de deslinde y planos de todos los ejidos, poblados que invaden el territorio comunal como Santa Mar\u00eda y San Miguel Chimalapas.<\/p>\n\n\n\n<p>La colocaci\u00f3n de mojoneras f\u00edsicas en la l\u00ednea que confirma al estado de Oaxaca y que es el l\u00edmite municipal de las comunidades Chimalapas por Sentencia de la Suprema Corte de Justicia de la Naci\u00f3n.<\/p>\n\n\n\n<p>El establecimiento de \u00c1reas Destinadas Voluntariamente a la Conservaci\u00f3n (ADVC), conforme a sus Estatutos Comunales para proteger la biodiversidad en la zona confirmada por la Suprema Corte de Justicia de la Naci\u00f3n.<\/p>\n\n\n\n<p>La atenci\u00f3n social y de servicios a los invasores de las comunales condicionada a la nulidad de sus documentos por el Tribunal Agrario correspondiente o por el Juzgado.<\/p>\n\n\n\n<p>El comunicado lo firman el Comisariado de Bienes Comunales de Santa Mar\u00eda, Z\u00f3simo Hern\u00e1ndez L\u00f3pez, y el presidente del Consejo de Vigilancia, Josu\u00e9 Hern\u00e1ndez Jim\u00e9nez.<\/p>\n","protected":false},"excerpt":{"rendered":"<p>Redacci\u00f3n\/Zona Roja. Oaxaca de Ju\u00e1rez, Oax., a 11 de diciembre de 2022.- El Comisariado de&hellip;<\/p>\n","protected":false},"author":2,"featured_media":49126,"comment_status":"closed","ping_status":"open","sticky":false,"template":"","format":"standard","meta":{"_lmt_disableupdate":"","_lmt_disable":"","_jetpack_memberships_contains_paid_content":false,"footnotes":""},"categories":[109,47],"tags":[1084],"class_list":["post-49125","post","type-post","status-publish","format-standard","has-post-thumbnail","hentry","category-minuto-a-minuto","category-zona-gris","tag-santa-maria-chimalapa"],"jetpack_featured_media_url":"https:\/\/zonaroja.com.mx\/wp-content\/uploads\/2022\/12\/Comunicado-Santa-Maria-Chimalapa.jpg","jetpack_sharing_enabled":true,"_links":{"self":[{"href":"https:\/\/zonaroja.com.mx\/index.php?rest_route=\/wp\/v2\/posts\/49125","targetHints":{"allow":["GET"]}}],"collection":[{"href":"https:\/\/zonaroja.com.mx\/index.php?rest_route=\/wp\/v2\/posts"}],"about":[{"href":"https:\/\/zonaroja.com.mx\/index.php?rest_route=\/wp\/v2\/types\/post"}],"author":[{"embeddable":true,"href":"https:\/\/zonaroja.com.mx\/index.php?rest_route=\/wp\/v2\/users\/2"}],"replies":[{"embeddable":true,"href":"https:\/\/zonaroja.com.mx\/index.php?rest_route=%2Fwp%2Fv2%2Fcomments&post=49125"}],"version-history":[{"count":1,"href":"https:\/\/zonaroja.com.mx\/index.php?rest_route=\/wp\/v2\/posts\/49125\/revisions"}],"predecessor-version":[{"id":49127,"href":"https:\/\/zonaroja.com.mx\/index.php?rest_route=\/wp\/v2\/posts\/49125\/revisions\/49127"}],"wp:featuredmedia":[{"embeddable":true,"href":"https:\/\/zonaroja.com.mx\/index.php?rest_route=\/wp\/v2\/media\/49126"}],"wp:attachment":[{"href":"https:\/\/zonaroja.com.mx\/index.php?rest_route=%2Fwp%2Fv2%2Fmedia&parent=49125"}],"wp:term":[{"taxonomy":"category","embeddable":true,"href":"https:\/\/zonaroja.com.mx\/index.php?rest_route=%2Fwp%2Fv2%2Fcategories&post=49125"},{"taxonomy":"post_tag","embeddable":true,"href":"https:\/\/zonaroja.com.mx\/index.php?rest_route=%2Fwp%2Fv2%2Ftags&post=49125"}],"curies":[{"name":"wp","href":"https:\/\/api.w.org\/{rel}","templated":true}]}}