{"id":49128,"date":"2022-12-11T08:16:32","date_gmt":"2022-12-11T14:16:32","guid":{"rendered":"http:\/\/www.zonaroja.com.mx\/?p=49128"},"modified":"2022-12-11T08:16:33","modified_gmt":"2022-12-11T14:16:33","slug":"ola-violencia-en-el-istmo-deja-dos-muertos-y-un-herido-en-fin-de-semana","status":"publish","type":"post","link":"https:\/\/zonaroja.com.mx\/?p=49128","title":{"rendered":"Ola violencia en el Istmo deja dos muertos y un herido en fin de semana"},"content":{"rendered":"\n<p>Ismael Garc\u00eda M.\/Zona Roja.<\/p>\n\n\n\n<p>Oaxaca de Ju\u00e1rez, Oax., a 11 de diciembre de 2022.- La ola de violencia en la regi\u00f3n del Istmo de Tehuantepec no cesa y el saldo de este fin de semana es de dos personas fallecidas por disparos de arma de fuego y una lesionada.<\/p>\n\n\n\n<p>Anoche en el municipio de Salina Cruz, se registr\u00f3 un ataque armado en contra de una persona del sexo masculino, en la calle Laborista del&nbsp; Barrio Ju\u00e1rez, por parte de sujetos desconocidos.<\/p>\n\n\n\n<p>El individuo fue trasladado a un hospital por parte de una ambulancia de la Cruz Roja Mexicana, donde lo reportan delicado de salud.<\/p>\n\n\n\n<p>Ayer tambi\u00e9n, pero al mediod\u00eda, se confirm\u00f3 la muerte de una persona atacada a balazos en la misma ciudad porte\u00f1a el pasado 29 de noviembre.<\/p>\n\n\n\n<p>Los hechos ocurrieron mientras una pareja viajaba a bordo de un mototaxi cuando presuntamente la v\u00edctima fue agredida a balazos por su acompa\u00f1ante, tras lo cual fue llevada a un hospital, donde muri\u00f3; la v\u00edctima fue identificada como Isaac G. A., de 41 a\u00f1os de edad.<\/p>\n\n\n\n<p>Ayer s\u00e1bado tambi\u00e9n se registr\u00f3 una balacera pero en Juchit\u00e1n de Zaragoza, debido a que la Agencia Estatal de Investigaciones dio cumplimiento a una orden de aprehensi\u00f3n en contra de un probable delincuente.<\/p>\n\n\n\n<p>Los hechos se registraron en la carretera Panaericana, en el tramo Tehuantepec-Juchit\u00e1n, a la altura del sitio conocido como IMECA; tras la agresi\u00f3n, en que no hubo lesionados, los atacantes huyeron y abandonaron una camioneta m\u00e1s adelante.<\/p>\n\n\n\n<p>Mientras que el viernes, en el municipio de Chahuites, el viernes fue asesinado un sujeto en un domicilio del barrio Juchi; la v\u00edctima fue identificada como Jes\u00fas Miguel M. L., y a\u00fan se desconoce qui\u00e9n lo agredi\u00f3 as\u00ed como los motivos del crimen.<\/p>\n","protected":false},"excerpt":{"rendered":"<p>Ismael Garc\u00eda M.\/Zona Roja. Oaxaca de Ju\u00e1rez, Oax., a 11 de diciembre de 2022.- La&hellip;<\/p>\n","protected":false},"author":2,"featured_media":48155,"comment_status":"closed","ping_status":"open","sticky":false,"template":"","format":"standard","meta":{"_lmt_disableupdate":"","_lmt_disable":"","_jetpack_memberships_contains_paid_content":false,"footnotes":""},"categories":[109,51],"tags":[1613],"class_list":["post-49128","post","type-post","status-publish","format-standard","has-post-thumbnail","hentry","category-minuto-a-minuto","category-zona-roja","tag-chauites"],"jetpack_featured_media_url":"https:\/\/zonaroja.com.mx\/wp-content\/uploads\/2022\/11\/Asesinatos-violencia-ejecucion-homicidio-escena.jpg","jetpack_sharing_enabled":true,"_links":{"self":[{"href":"https:\/\/zonaroja.com.mx\/index.php?rest_route=\/wp\/v2\/posts\/49128","targetHints":{"allow":["GET"]}}],"collection":[{"href":"https:\/\/zonaroja.com.mx\/index.php?rest_route=\/wp\/v2\/posts"}],"about":[{"href":"https:\/\/zonaroja.com.mx\/index.php?rest_route=\/wp\/v2\/types\/post"}],"author":[{"embeddable":true,"href":"https:\/\/zonaroja.com.mx\/index.php?rest_route=\/wp\/v2\/users\/2"}],"replies":[{"embeddable":true,"href":"https:\/\/zonaroja.com.mx\/index.php?rest_route=%2Fwp%2Fv2%2Fcomments&post=49128"}],"version-history":[{"count":1,"href":"https:\/\/zonaroja.com.mx\/index.php?rest_route=\/wp\/v2\/posts\/49128\/revisions"}],"predecessor-version":[{"id":49129,"href":"https:\/\/zonaroja.com.mx\/index.php?rest_route=\/wp\/v2\/posts\/49128\/revisions\/49129"}],"wp:featuredmedia":[{"embeddable":true,"href":"https:\/\/zonaroja.com.mx\/index.php?rest_route=\/wp\/v2\/media\/48155"}],"wp:attachment":[{"href":"https:\/\/zonaroja.com.mx\/index.php?rest_route=%2Fwp%2Fv2%2Fmedia&parent=49128"}],"wp:term":[{"taxonomy":"category","embeddable":true,"href":"https:\/\/zonaroja.com.mx\/index.php?rest_route=%2Fwp%2Fv2%2Fcategories&post=49128"},{"taxonomy":"post_tag","embeddable":true,"href":"https:\/\/zonaroja.com.mx\/index.php?rest_route=%2Fwp%2Fv2%2Ftags&post=49128"}],"curies":[{"name":"wp","href":"https:\/\/api.w.org\/{rel}","templated":true}]}}