{"id":49130,"date":"2022-12-11T11:55:00","date_gmt":"2022-12-11T17:55:00","guid":{"rendered":"http:\/\/www.zonaroja.com.mx\/?p=49130"},"modified":"2022-12-11T14:57:19","modified_gmt":"2022-12-11T20:57:19","slug":"va-una-decena-de-personas-desaparecidas-en-primeros-10-dias-de-la-primavera-oaxaquena","status":"publish","type":"post","link":"https:\/\/zonaroja.com.mx\/?p=49130","title":{"rendered":"Va una decena de personas desaparecidas en primeros 10 d\u00edas de \u201cla primavera oaxaque\u00f1a\u201d"},"content":{"rendered":"\n<p>Yuridiana Sosa\/Zona Roja.<\/p>\n\n\n\n<p>Oaxaca de Ju\u00e1rez, Oax., 11 de diciembre de 2022.- El gobierno de Oaxaca que ahora preside Salom\u00f3n Jara Cruz, acumul\u00f3 la desaparici\u00f3n de una decena de personas en los primeros 10 d\u00edas del sexenio, en los que se encuentran menores de edad.<\/p>\n\n\n\n<p>La Unidad de B\u00fasqueda de Personas Desaparecidas y No Localizadas, de la Fiscal\u00eda General del Estado, mantiene activa las fichas de b\u00fasqueda para cuatro mujeres y seis varones, desde el 1 de diciembre al 10 de diciembre.<\/p>\n\n\n\n<p>El caso m\u00e1s reciente que se dio a conocer en los primeros minutos de este s\u00e1bado fue el de Osiris Alexa Hern\u00e1ndez Cruz, de 16 a\u00f1os, vista por \u00faltima vez el 9 de diciembre en el municipio conurbado de San Antonio de la Cal.<\/p>\n\n\n\n<p>Un d\u00eda antes, el 8 de diciembre, se report\u00f3 la desaparici\u00f3n de Vanesa Guadalupe G\u00f3mez Dom\u00ednguez de 15 a\u00f1os, luego de ser vista en la colonia Miguel Alem\u00e1n de la capital oaxaque\u00f1a.<\/p>\n\n\n\n<p>La se\u00f1ora Rogelia Prieto Valencia, de 85 a\u00f1os de edad, desapareci\u00f3 en la localidad de Papaloapan del municipio de San Juan Bautista Tuxtepec el 4 de diciembre.<\/p>\n\n\n\n<p>Mientras que, desde el 1 de diciembre, familia, amigos y autoridades buscan a Ver\u00f3nica Valentina Gij\u00f3n R\u00edos, de 37 a\u00f1os de edad, luego de ser vista en esa fecha en el municipio de Monjas.<\/p>\n\n\n\n<p>La desaparici\u00f3n de los varones acumula seis casos, en su mayor\u00eda adultos y un menor de edad.<\/p>\n\n\n\n<p>El pasado 8 de diciembre fue visto por \u00faltima vez Julio Emir R\u00edos Villalobos, de cuatro a\u00f1os de edad, en la calle Emilio Carranza, entre las calles Pensador Mexicano y Guadalupe Victoria, del municipio de Ciudad Ixtepec, cuando iba en compa\u00f1\u00eda de su progenitora identificada como Narda Gabriela R\u00edos Villalobos.<\/p>\n\n\n\n<p>Alberto Jorge S\u00e1nchez L\u00f3pez, de 44 a\u00f1os \u2013integrante de la Secci\u00f3n 22 del SNTE, desapareci\u00f3 el 6 de diciembre luego de ser visto por \u00faltima vez en el municipio de El Espinal.<\/p>\n\n\n\n<p>El 4 de diciembre se report\u00f3 la no localizaci\u00f3n de \u00c1ngel G\u00f3mez Cruz, de 44 a\u00f1os, cuando fue visto por \u00faltima vez en el municipio de San Antonio de la Cal.<\/p>\n\n\n\n<p>A inicios de diciembre, se emiti\u00f3 la ficha de b\u00fasqueda para Sami Yann Van Treeck, de 28 a\u00f1os, fue visto por \u00faltima vez el 28 de noviembre en la colonia El Tomatal de Santa Mar\u00eda Colotepec; tambi\u00e9n de M\u00e1ximo Medina Sibaja, de 47 a\u00f1os, desaparecido desde el 20 de noviembre en el Barrio Las Flores de San Pedro Tapanatepec.<\/p>\n","protected":false},"excerpt":{"rendered":"<p>Yuridiana Sosa\/Zona Roja. Oaxaca de Ju\u00e1rez, Oax., 11 de diciembre de 2022.- El gobierno de&hellip;<\/p>\n","protected":false},"author":2,"featured_media":49135,"comment_status":"closed","ping_status":"open","sticky":false,"template":"","format":"standard","meta":{"_lmt_disableupdate":"","_lmt_disable":"","_jetpack_memberships_contains_paid_content":false,"footnotes":""},"categories":[109,47],"tags":[642],"class_list":["post-49130","post","type-post","status-publish","format-standard","has-post-thumbnail","hentry","category-minuto-a-minuto","category-zona-gris","tag-personas-desaparecidas-oaxaca"],"jetpack_featured_media_url":"https:\/\/zonaroja.com.mx\/wp-content\/uploads\/2022\/12\/Personas-desaparecidas-no-localizadas-Oaxaca.jpg","jetpack_sharing_enabled":true,"_links":{"self":[{"href":"https:\/\/zonaroja.com.mx\/index.php?rest_route=\/wp\/v2\/posts\/49130","targetHints":{"allow":["GET"]}}],"collection":[{"href":"https:\/\/zonaroja.com.mx\/index.php?rest_route=\/wp\/v2\/posts"}],"about":[{"href":"https:\/\/zonaroja.com.mx\/index.php?rest_route=\/wp\/v2\/types\/post"}],"author":[{"embeddable":true,"href":"https:\/\/zonaroja.com.mx\/index.php?rest_route=\/wp\/v2\/users\/2"}],"replies":[{"embeddable":true,"href":"https:\/\/zonaroja.com.mx\/index.php?rest_route=%2Fwp%2Fv2%2Fcomments&post=49130"}],"version-history":[{"count":1,"href":"https:\/\/zonaroja.com.mx\/index.php?rest_route=\/wp\/v2\/posts\/49130\/revisions"}],"predecessor-version":[{"id":49131,"href":"https:\/\/zonaroja.com.mx\/index.php?rest_route=\/wp\/v2\/posts\/49130\/revisions\/49131"}],"wp:featuredmedia":[{"embeddable":true,"href":"https:\/\/zonaroja.com.mx\/index.php?rest_route=\/wp\/v2\/media\/49135"}],"wp:attachment":[{"href":"https:\/\/zonaroja.com.mx\/index.php?rest_route=%2Fwp%2Fv2%2Fmedia&parent=49130"}],"wp:term":[{"taxonomy":"category","embeddable":true,"href":"https:\/\/zonaroja.com.mx\/index.php?rest_route=%2Fwp%2Fv2%2Fcategories&post=49130"},{"taxonomy":"post_tag","embeddable":true,"href":"https:\/\/zonaroja.com.mx\/index.php?rest_route=%2Fwp%2Fv2%2Ftags&post=49130"}],"curies":[{"name":"wp","href":"https:\/\/api.w.org\/{rel}","templated":true}]}}