{"id":4914,"date":"2019-10-17T20:12:14","date_gmt":"2019-10-18T01:12:14","guid":{"rendered":"http:\/\/www.zonaroja.com.mx\/?p=4914"},"modified":"2019-10-17T20:12:18","modified_gmt":"2019-10-18T01:12:18","slug":"ante-nula-justicia-por-el-asesinato-de-un-perro-animalistas-protestan-en-etla","status":"publish","type":"post","link":"https:\/\/zonaroja.com.mx\/?p=4914","title":{"rendered":"Ante nula justicia por el asesinato de un perro, animalistas protestan en Etla"},"content":{"rendered":"\n<p>Evlin Arag\u00f3n\/Zona Roja.<\/p>\n\n\n\n<p>Oaxaca de Ju\u00e1rez, Oax., 17 de octubre\nde 2019.- Con pancartas en mano y consignas en contra del maltrato animal, activistas\nse manifestaron en las inmediaciones del municipio de la Villa de Etla para\nexigir castigo ejemplar contra Miguel \u00c1ngel Ferret, quien presuntamente asesin\u00f3\na una perrita en d\u00edas pasados.<\/p>\n\n\n\n<p>Asimismo, hicieron un llamado al edil\nEl\u00edas Roberto Mendoza P\u00e9rez para que implemente la esterilizaci\u00f3n gratuita en\nla localidad para reducir la poblaci\u00f3n de perros en situaci\u00f3n de calle.<\/p>\n\n\n\n<p>La protesta se llev\u00f3 a cabo a las afueras del mercado municipal de la localidad, en donde colocaron cruces, veladoras y flores al lado de la imagen de la perrita asesinada el pasado 14 de octubre, tal y como se dio a conocer trav\u00e9s de fotos y videos en redes sociales que retrataron el momento en que el hombre \u2013de oficio carnicero- se abalanz\u00f3 con cuchillo en mano en contra del animal, luego de que este por instinto hurtara un pedazo de carne del negocio propiedad del agresor.<\/p>\n\n\n\n<figure class=\"wp-block-embed-twitter wp-block-embed is-type-rich is-provider-twitter\"><div class=\"wp-block-embed__wrapper\">\n<div class=\"twitter-tweet\"><blockquote class=\"twitter-tweet\" data-lang=\"es\"><p lang=\"es\" dir=\"ltr\"><a href=\"https:\/\/twitter.com\/hashtag\/OaxacaGris?src=hash&amp;ref_src=twsrc%5Etfw\">#OaxacaGris<\/a><br>Ante la impunidad que prevalece en el caso, activistas de protecci\u00f3n animal protestaron este jueves en el mercado de la Villa de Etla, para exigir justicia y castigo en contra de quien asesin\u00f3 a un perro en d\u00edas recientes. <br>Fotos: Cortes\u00eda <a href=\"https:\/\/t.co\/Xd7x5nGlNG\">pic.twitter.com\/Xd7x5nGlNG<\/a><\/p>&mdash; Zona Roja Oaxaca (@MexRoja) <a href=\"https:\/\/twitter.com\/MexRoja\/status\/1184958971649675265?ref_src=twsrc%5Etfw\">17 de octubre de 2019<\/a><\/blockquote><\/div>\n<\/div><\/figure>\n\n\n\n<p>Las mismas im\u00e1genes dan cuenta como en\nreiteradas ocasiones apu\u00f1al\u00f3 a la perra, que se desangro y muri\u00f3 sin que nadie\ninterviniera, mientras el hombre se re\u00eda y gritaba \u00abperra maldita que\nbueno que ya te mat\u00e9\u00bb.<\/p>\n\n\n\n<p>De acuerdo con el grupo de animalistas\nla crueldad y maltrato contra los animales es la antesala a la violencia social;\nse trata de un indicativo peligroso para la sociedad que adem\u00e1s va en escala,\npor lo que exigieron castigo para los maltratadores de animales en la entidad.<\/p>\n\n\n\n<p>Lamentaron que la due\u00f1a de la perrita\nasesinada otorgara el perd\u00f3n al agresor y asesino, luego de que \u00e9ste le pagar\u00e1\nuna cantidad de dinero, situaci\u00f3n que calificaron como una burla y una\nirresponsabilidad ya que la impunidad de este tipo de actos se convierte en una\ncarta de permisibilidad para ejercer violencia contra de los animales.<\/p>\n\n\n\n<p>Previo a su manifestaci\u00f3n, iniciaron\nuna campa\u00f1a para llamar a la poblaci\u00f3n a no comprar en el local 19 del mercado\nmunicipal de la Villa de Etla, a la par que exigieron la intervenci\u00f3n de la\nFiscal\u00eda General del Estado, a cargo de Rub\u00e9n Vasconcelos M\u00e9ndez, a fin de que\nno quede impune el maltrato y la violencia animal.&nbsp; <\/p>\n\n\n\n<p>\u201cExhortamos a la poblaci\u00f3n de la Villa\nde Etla Oax, M\u00e9xico NO COMPRAR en la carnicer\u00eda Num. 19 del ASESINO QUE MAT\u00d3 A\nUNA PERRITA CON UN CUCHILLO MIGUEL ANGEL FERRET #JUSTICIA\n#OaxacaVerguenzaMundial EXIGIMOS AL @RVasconcelosM NO QUEDE EN LA IMPUNIDAD,\nACTO TAN COBARDE DENIGRANTE\u201d, expusieron en sus redes sociales.<\/p>\n","protected":false},"excerpt":{"rendered":"<p>Evlin Arag\u00f3n\/Zona Roja. Oaxaca de Ju\u00e1rez, Oax., 17 de octubre de 2019.- Con pancartas en&hellip;<\/p>\n","protected":false},"author":2,"featured_media":4915,"comment_status":"closed","ping_status":"open","sticky":false,"template":"","format":"standard","meta":{"_lmt_disableupdate":"","_lmt_disable":"","_jetpack_memberships_contains_paid_content":false,"footnotes":""},"categories":[109,47],"tags":[869],"class_list":["post-4914","post","type-post","status-publish","format-standard","has-post-thumbnail","hentry","category-minuto-a-minuto","category-zona-gris","tag-maltrato-animal-oaxaca"],"jetpack_featured_media_url":"https:\/\/zonaroja.com.mx\/wp-content\/uploads\/2019\/10\/48f71de2-67dd-47aa-bd98-9ed99f6a87a8.jpg","jetpack_sharing_enabled":true,"_links":{"self":[{"href":"https:\/\/zonaroja.com.mx\/index.php?rest_route=\/wp\/v2\/posts\/4914","targetHints":{"allow":["GET"]}}],"collection":[{"href":"https:\/\/zonaroja.com.mx\/index.php?rest_route=\/wp\/v2\/posts"}],"about":[{"href":"https:\/\/zonaroja.com.mx\/index.php?rest_route=\/wp\/v2\/types\/post"}],"author":[{"embeddable":true,"href":"https:\/\/zonaroja.com.mx\/index.php?rest_route=\/wp\/v2\/users\/2"}],"replies":[{"embeddable":true,"href":"https:\/\/zonaroja.com.mx\/index.php?rest_route=%2Fwp%2Fv2%2Fcomments&post=4914"}],"version-history":[{"count":1,"href":"https:\/\/zonaroja.com.mx\/index.php?rest_route=\/wp\/v2\/posts\/4914\/revisions"}],"predecessor-version":[{"id":4916,"href":"https:\/\/zonaroja.com.mx\/index.php?rest_route=\/wp\/v2\/posts\/4914\/revisions\/4916"}],"wp:featuredmedia":[{"embeddable":true,"href":"https:\/\/zonaroja.com.mx\/index.php?rest_route=\/wp\/v2\/media\/4915"}],"wp:attachment":[{"href":"https:\/\/zonaroja.com.mx\/index.php?rest_route=%2Fwp%2Fv2%2Fmedia&parent=4914"}],"wp:term":[{"taxonomy":"category","embeddable":true,"href":"https:\/\/zonaroja.com.mx\/index.php?rest_route=%2Fwp%2Fv2%2Fcategories&post=4914"},{"taxonomy":"post_tag","embeddable":true,"href":"https:\/\/zonaroja.com.mx\/index.php?rest_route=%2Fwp%2Fv2%2Ftags&post=4914"}],"curies":[{"name":"wp","href":"https:\/\/api.w.org\/{rel}","templated":true}]}}