{"id":49142,"date":"2022-12-12T06:45:55","date_gmt":"2022-12-12T12:45:55","guid":{"rendered":"http:\/\/www.zonaroja.com.mx\/?p=49142"},"modified":"2022-12-12T08:51:59","modified_gmt":"2022-12-12T14:51:59","slug":"opinion-rompera-salomon-jara-pacto-de-impunidad-amlo-murat","status":"publish","type":"post","link":"https:\/\/zonaroja.com.mx\/?p=49142","title":{"rendered":"Opini\u00f3n. \u00bfRomper\u00e1 Salom\u00f3n Jara pacto de impunidad AMLO-Murat?"},"content":{"rendered":"\n<p>Ismael Garc\u00eda M.\/Zona Roja.<\/p>\n\n\n\n<p>Oaxaca de Ju\u00e1rez, Oax., a 12 de diciembre de 2022.- Sabedor de que entre los dos hab\u00eda fricciones y muchas diferencias y que, de no limar asperezas, la transici\u00f3n gubernamental tersa corr\u00eda peligro, el pasado 2 de octubre en la Villa de Mitla, el Presidente Andr\u00e9s Manuel L\u00f3pez Obrador les pidi\u00f3 darse la mano:<\/p>\n\n\n\n<p>\u201cEntonces, yo lo que quiero decirles aqu\u00ed, aunque respeto la opini\u00f3n de quienes no comparten mi punto de vista, yo quiero decirles que Alejandro Murat nos ha ayudado mucho aqu\u00ed y se lo agradecemos, y vamos tambi\u00e9n a ayudar al gobernador electo, Salom\u00f3n Jara.<\/p>\n\n\n\n<p>\u201cMiren la transici\u00f3n esta. A ver, p\u00e1rense y dense la mano aqu\u00ed\u201d, dijo al entonces gobernador en funciones y al pr\u00f3ximo mandatario estatal. As\u00ed, con un apret\u00f3n de manos, no de buena agrado de ambos, se oper\u00f3 la transici\u00f3n.<\/p>\n\n\n\n<p>Lo que no cumpli\u00f3 el Presidente de M\u00e9xico fue el homenaje a Murat, que hasta fecha le hab\u00eda puesto: el 25 de noviembre, pese considerarlo un aliado de la 4T y de haber pactado ambos la entrega del gobierno a Morena.<\/p>\n\n\n\n<p>Los invit\u00f3 de nuevo a ambos el 21 de noviembre, en el Palacio Nacional, al homenaje a Ricardo Flores Mag\u00f3n, donde de nuevo les pidi\u00f3 una transici\u00f3n pac\u00edfica.<\/p>\n\n\n\n<p>\u00abEst\u00e1n ya a pocos d\u00edas de concluir un mandato e iniciar otro en Oaxaca y celebro que se est\u00e9 llevando a cabo esa transici\u00f3n en armon\u00eda como lo merece el pueblo de Oaxaca\u201d, dijo en su mensaje.<\/p>\n\n\n\n<p>Y la pinza la cerr\u00f3 el secretario de Gobernaci\u00f3n, Ad\u00e1n Augusto L\u00f3pez, precisamente el 25 de noviembre, al recibir a ambos en privado, para reiterarles la petici\u00f3n presidencial: transici\u00f3n tersa.<\/p>\n\n\n\n<p>\u00bfTRANSICI\u00d3N TERSA?<\/p>\n\n\n\n<p>As\u00ed se auguraba un cambio de gobierno sin complicaciones y as\u00ed ocurri\u00f3. El 30 de noviembre y en un acto privado, Alejandro Murat firm\u00f3 y entreg\u00f3 a Jara Cruz los documentos requeridos y as\u00ed culmin\u00f3 el traspaso de gobierno.<\/p>\n\n\n\n<p>El 1 de diciembre, el priista ya no estuvo en la toma de posesi\u00f3n del morenista ni en los dem\u00e1s actos. Se fue de Oaxaca y regres\u00f3 a su entidad natal, el Estado de M\u00e9xico.&nbsp;<\/p>\n\n\n\n<p>Sin embargo, ese mismo d\u00eda, Jara Cruz comenz\u00f3 su andanada contra Murat, en su discurso ante el \u201cpueblo\u201d, llevado de diversas regiones al auditorio \u201cGuelaguetza\u201d de la capital.<\/p>\n\n\n\n<p>\u201cLa ineptitud, la soberbia, la prepotencia, la mentira y la simulaci\u00f3n, fueron el sello de la administraci\u00f3n saliente y como lo reiter\u00e9 hasta el cansancio, no vamos a permitir que nos enga\u00f1en, que enga\u00f1en al pueblo de Oaxaca\u201d, inici\u00f3, para detallar las irregularidades.<\/p>\n\n\n\n<p>Cit\u00f3 que de la deuda que dej\u00f3 el ex mandatario priista, Ulises Ruiz hered\u00f3 a Gabino Cu\u00e9 un monto aproximado de seis mil millones de pesos; que le dej\u00f3 a Ulises Ruiz Ortiz 15 mil 594 millones de pesos y \u201cahora estamos conociendo que la deuda se ha incrementado a m\u00e1s de 20 mil millones de pesos, esto es muy desagradable y sobre todo que no podemos seguir permitiendo\u201d.<\/p>\n\n\n\n<p>De la deuda de tres mil 500 millones de pesos que le autoriz\u00f3 el Congreso a Murat, \u201csupuestamente para financiar diversas obras de infraestructura que se nos dio a conocer, se ha manipulado la informaci\u00f3n con la intenci\u00f3n de ocultar obras de infraestructura, deficiente o inconclusas y que constituye elefantes blancos.<\/p>\n\n\n\n<p>\u201cEstoy obligado a destacar algunos de los fracasos m\u00e1s destacados\u201d, dijo, al citar que el Foro de Huatulco cost\u00f3 m\u00e1s de 30 millones de pesos (aunque la cifra oficial es de m\u00e1s de 300 millones de pesos; es un verdadero fracaso\u201d.<\/p>\n\n\n\n<p>La Casa de Alas del DIF con m\u00e1s de 60 millones de pesos es una obra que est\u00e1 hoy derrumb\u00e1ndose y el Centro Cultural \u201cAlvaro Carrillo\u201d, m\u00e1s de 527 millones de pesos, fue inaugurada como \u201cuna burla del pueblo de Oaxaca, todos fueron inaugurados de manera apresurada y sin haber cumplido al 100 por ciento de su avance f\u00edsico, constituyen hermosos cascarones que muestran proyectos inclusos y mal hechos\u201d.<\/p>\n\n\n\n<p>Adem\u00e1s, el gobierno saliente increment\u00f3 las bases laborales en cerca del 37 por ciento; \u201cesto no lo vamos a aceptar, quisieron pasarse de lanzas, ya tenemos la informaci\u00f3n que dos grandes dirigentes del PRI vendieron plazas, esto no lo vamos permitir, no se pueden burlar de nuestro pueblo\u201d, dijo en su mensaje el 1 de diciembre.<\/p>\n\n\n\n<p>\u00bfY LAS OBRAS?<\/p>\n\n\n\n<p>Murat Hinojosa dej\u00f3 un sexenio turbio, de permanentes se\u00f1alamientos de corrupci\u00f3n, de escasas obras p\u00fablicas, de manejos financieros sospechosos y de inaugurar algunos trabajos sin concluir, y con serias deficiencias.<\/p>\n\n\n\n<p>En sus seis a\u00f1os, nadie sabe en qu\u00e9 se aplic\u00f3 el presupuesto estatal, un promedio total de m\u00e1s de 100 mil millones cada a\u00f1o; bueno, una parte importante aportada por el gobierno federal para sus propias acciones.<\/p>\n\n\n\n<p>En dos a\u00f1os con Enrique Pe\u00f1a Nieto, la administraci\u00f3n estatal se la pas\u00f3 en lamentos, sin recibir ning\u00fan apoyo extraordinario, y supuestamente habr\u00eda canalizado el presupuesto para atenci\u00f3n a la emergencia por sismos, en 2017 y 2018.<\/p>\n\n\n\n<p>No obstante, en ese aspecto a\u00fan hay quejas de al menos mil damnificados en la regi\u00f3n del Istmo.<\/p>\n\n\n\n<p>Con L\u00f3pez Obrador, en cuatro a\u00f1os tampoco ha habido apoyo directo al gobierno estatal, aunque s\u00ed hubo aportaciones federales extraordinarias, que nadie sabe en qu\u00e9 se aplicaron, pues en casi tres a\u00f1os de pandemia por Covid-19, el gobierno estuvo pr\u00e1cticamente paralizado.<\/p>\n\n\n\n<p>Mucho menos le cumpli\u00f3 Obrador a Oaxaca con la conclusi\u00f3n de las supercarreteras a la Costa y al Istmo, mientras que el proyecto del Corredor Interoce\u00e1nico, avanza lento, al igual que la ampliaci\u00f3n del puerto de Salina Cruz.<\/p>\n\n\n\n<p>Acaso donde m\u00e1s se ve reflejada la mano del Presidente es la construcci\u00f3n de caminos de concreto a m\u00e1s de un centenar de cabeceras municipales, pero obras ejecutadas de manera directa.<\/p>\n\n\n\n<p>\u00bfQu\u00e9 hizo Alejandro Murat? Largo ser\u00eda describir, por ejemplo, las m\u00faltiples obras p\u00fablicas relevantes que dej\u00f3 su padre, como hospitales, bulevares, cl\u00ednicas de rehabilitaci\u00f3n para personas con discapacidad.<\/p>\n\n\n\n<p>Ulises Ruiz tambi\u00e9n, pese a los se\u00f1alamientos de la represi\u00f3n del 2006, dej\u00f3 una cantidad de obras importantes, como hospitales, universidades y el remozamiento del z\u00f3calo y de calles del Centro Hist\u00f3rico, que hasta hoy perdura.<\/p>\n\n\n\n<p>Evidentemente que hubo se\u00f1alamientos de corrupci\u00f3n para ambos priistas, pero las obras ah\u00ed est\u00e1n; no se puede decir lo mismo de Gabino Cu\u00e9, que lo \u00fanico que dej\u00f3 es un puente a desnivel en la capital y el Centro de Convenciones en Santa Luc\u00eda del Camino, as\u00ed como el Centro de Iniciaci\u00f3n Musical, y es todo.<\/p>\n\n\n\n<p>\u00bfPero qu\u00e9 hizo Alejandro Murat? Nada. El presupuesto anual nunca fue suficiente para el mandatario priista originario del Estado de M\u00e9xico y en 2019 pis\u00f3 la autorizaci\u00f3n de un pr\u00e9stamo, por tres mil 500 millones de pesos.<\/p>\n\n\n\n<p>El Congreso se lo autoriz\u00f3, pero no fue sino al inicio de este a\u00f1o en que impuls\u00f3 dichas obras, con tanto retraso, que todas quedaron inconclusas, y a pesar de ello las inaugur\u00f3.<\/p>\n\n\n\n<p>El Centro Cultural \u201c\u00c1lvaro Carrillo\u201d, el Circuito Interior, la rehabilitaci\u00f3n del bulevar de S\u00edmbolos Patrios y el centro de convenciones de Huatulco. Es todo.<\/p>\n\n\n\n<p>Se hicieron con dinero de deuda, que seguir\u00e1n pagando los oaxaque\u00f1os en esta administraci\u00f3n.<\/p>\n\n\n\n<p>Murat Hinojosa presumi\u00f3 siempre un crecimiento econ\u00f3mico importante y disminuci\u00f3n de la pobreza, pero no hizo nada para esos logros.<\/p>\n\n\n\n<p>Son resultado de las obras que impulsa el Presidente de M\u00e9xico, principalmente el Corredor Interoce\u00e1nico, que ha generado una muy importante cantidad de empleos y en consecuencia derrama econ\u00f3mica.<\/p>\n\n\n\n<p>\u00bfCombate a la pobreza? En realidad el \u201cmilagro oaxaque\u00f1o\u201d lo han hecho los migrantes con el env\u00edo de remesas y el dinero que L\u00f3pez Obrador riega directamente desde los programas federales para ni\u00f1os, estudiantes, j\u00f3venes, adultos mayores. As\u00ed que no hay nada que festinar.<\/p>\n\n\n\n<p>\u00bfY LAS DENUNCIAS?<\/p>\n\n\n\n<p>Entrevistado el 2 de octubre, durante el acto en la Villa de Mitla tras asistir a un acto del Presidente L\u00f3pez Obrador, todav\u00eda Jara Cruz, reiter\u00f3 que habr\u00eda una transici\u00f3n pac\u00edfica.<\/p>\n\n\n\n<p>\u201cHe visto una buena actitud de parte del gobernador, no as\u00ed en Tamaulipas, ayer (s\u00e1bado 1 de octubre) estuve en la toma de protesta de Am\u00e9rico Villarreal y corri\u00f3 el gobernador de Tamaulipas, aqu\u00ed es diferente, ha habido otro tipo de relaci\u00f3n, muy respetuosa y sobre todo muy buena relaci\u00f3n\u201d, dijo.<\/p>\n\n\n\n<p>Reiter\u00f3 que la transici\u00f3n entre Alejandro Murat y \u00e9l ser\u00eda \u201cpac\u00edfica, tersa, como nunca\u201d, pues hasta ha trabajado \u201cde la mano\u201d con el Ejecutivo federal.&nbsp;<\/p>\n\n\n\n<p>Y se le pregunt\u00f3 si no investigar\u00eda al gobernador priista saliente:<\/p>\n\n\n\n<p>\u201cTodav\u00eda no tenemos nuestra entrega recepci\u00f3n, esperemos ya cuando est\u00e9n los equipos de transici\u00f3n, ya sabemos qu\u00e9 va a pasar\u201d.<\/p>\n\n\n\n<p>Ya hubo las primeras denuncias, verbales, acerca de la presunta corrupci\u00f3n en el sexenio priista y falta mucho m\u00e1s: los fiats notariales entregados de manera irregular, el probable enriquecimiento il\u00edcito de los mexiquenses que gobernaron, el saqueo del erario, la contrataci\u00f3n de empresas \u201cfantasma\u201d, el sobrecosto en obras, la compra de m\u00faltiples propiedades particulares, en la Costa, Valles e Istmo y una larga lista.<\/p>\n\n\n\n<p>El \u201cmilagro oaxaque\u00f1o\u201d se est\u00e1 convirtiendo en la pesadilla oaxaque\u00f1a y, de haber verdadera intenci\u00f3n de justicia, muchos ex funcionarios, titulares y mandos medios deber\u00e1n estar en la c\u00e1rcel.<\/p>\n\n\n\n<p>Alejandro Murat ya se regres\u00f3 su natal Estado de M\u00e9xico y Salom\u00f3n Jara ya no tiene intenciones de respetar el pacto presidencial de impunidad. La pregunta es: \u00bfde verdad investigar\u00e1 y presentar\u00e1 las denuncias correspondientes?<\/p>\n\n\n\n<p>O seguir\u00e1 imponiendo L\u00f3pez Obrador su manto de impunidad con quien ahora quiere ser candidato presidencial del PRI\u2026 y probable Plan C del mandatario mexicano.<\/p>\n","protected":false},"excerpt":{"rendered":"<p>Ismael Garc\u00eda M.\/Zona Roja. Oaxaca de Ju\u00e1rez, Oax., a 12 de diciembre de 2022.- Sabedor&hellip;<\/p>\n","protected":false},"author":2,"featured_media":41735,"comment_status":"closed","ping_status":"open","sticky":false,"template":"","format":"standard","meta":{"_lmt_disableupdate":"","_lmt_disable":"","_jetpack_memberships_contains_paid_content":false,"footnotes":""},"categories":[456,109,48],"tags":[1353],"class_list":["post-49142","post","type-post","status-publish","format-standard","has-post-thumbnail","hentry","category-columna","category-minuto-a-minuto","category-zona-critica","tag-opinion-zona-critica"],"jetpack_featured_media_url":"https:\/\/zonaroja.com.mx\/wp-content\/uploads\/2022\/05\/Opinion-Ismael-Garcia-M.jpg","jetpack_sharing_enabled":true,"_links":{"self":[{"href":"https:\/\/zonaroja.com.mx\/index.php?rest_route=\/wp\/v2\/posts\/49142","targetHints":{"allow":["GET"]}}],"collection":[{"href":"https:\/\/zonaroja.com.mx\/index.php?rest_route=\/wp\/v2\/posts"}],"about":[{"href":"https:\/\/zonaroja.com.mx\/index.php?rest_route=\/wp\/v2\/types\/post"}],"author":[{"embeddable":true,"href":"https:\/\/zonaroja.com.mx\/index.php?rest_route=\/wp\/v2\/users\/2"}],"replies":[{"embeddable":true,"href":"https:\/\/zonaroja.com.mx\/index.php?rest_route=%2Fwp%2Fv2%2Fcomments&post=49142"}],"version-history":[{"count":3,"href":"https:\/\/zonaroja.com.mx\/index.php?rest_route=\/wp\/v2\/posts\/49142\/revisions"}],"predecessor-version":[{"id":49169,"href":"https:\/\/zonaroja.com.mx\/index.php?rest_route=\/wp\/v2\/posts\/49142\/revisions\/49169"}],"wp:featuredmedia":[{"embeddable":true,"href":"https:\/\/zonaroja.com.mx\/index.php?rest_route=\/wp\/v2\/media\/41735"}],"wp:attachment":[{"href":"https:\/\/zonaroja.com.mx\/index.php?rest_route=%2Fwp%2Fv2%2Fmedia&parent=49142"}],"wp:term":[{"taxonomy":"category","embeddable":true,"href":"https:\/\/zonaroja.com.mx\/index.php?rest_route=%2Fwp%2Fv2%2Fcategories&post=49142"},{"taxonomy":"post_tag","embeddable":true,"href":"https:\/\/zonaroja.com.mx\/index.php?rest_route=%2Fwp%2Fv2%2Ftags&post=49142"}],"curies":[{"name":"wp","href":"https:\/\/api.w.org\/{rel}","templated":true}]}}