{"id":49144,"date":"2022-12-12T07:15:18","date_gmt":"2022-12-12T13:15:18","guid":{"rendered":"http:\/\/www.zonaroja.com.mx\/?p=49144"},"modified":"2022-12-12T07:15:46","modified_gmt":"2022-12-12T13:15:46","slug":"en-2022-edil-de-santa-lucia-del-camino-ejecuto-42-obras-publicas","status":"publish","type":"post","link":"https:\/\/zonaroja.com.mx\/?p=49144","title":{"rendered":"En 2022, edil de Santa Luc\u00eda del Camino ejecut\u00f3 42 obras p\u00fablicas"},"content":{"rendered":"\n<p>Redacci\u00f3n\/Zona Roja.<\/p>\n\n\n\n<p>Oaxaca de Ju\u00e1rez, Oax., a 12 de diciembre de 2022.- Durante este a\u00f1o, el ayuntamiento de Santa Luc\u00eda del Camino realiz\u00f3 42 obras p\u00fablicas, acciones in\u00e9ditas que se han logrado con manejo honesto y transparente de los recursos p\u00fablicos, afirm\u00f3 el presidente municipal Juan Carlos Garc\u00eda M\u00e1rquez.<\/p>\n\n\n\n<p>De ellos, 23 corresponden al Ramo 33, nueve con recursos propios y 10 gestionados ante instancias federales y estatales.<\/p>\n\n\n\n<p>Este fin de semana, el edil surgido del Partido Morena rindi\u00f3 su primer informe de labores, al que acudi\u00f3 el gobernador Salom\u00f3n Jara Cruz, quien destac\u00f3 el trabajo en el municipio y felicit\u00f3 al presidente municipal, adem\u00e1s de reiterarle su apoyo.<\/p>\n\n\n\n<p>En materia de seguridad, Garc\u00eda M\u00e1rquez detall\u00f3 que se han desplegado 10 mil acciones; se entregaron 200 uniformes completos y 100 insignias personalizadas; por primera vez en la historia del municipio, se cre\u00f3 un Centro de Control (C-2) que cuenta con m\u00e1s de 90 c\u00e1maras de videovigilancia.<\/p>\n\n\n\n<p>Tambi\u00e9n, anunci\u00f3 que propondr\u00e1 al Cabildo que se autorice un importante incremento al salario de los polic\u00edas viales y municipales; destac\u00f3 que ha habido resultados en materia de seguridad y tranquilidad de los ciudadanos.<\/p>\n\n\n\n<figure class=\"wp-block-embed is-type-rich is-provider-twitter wp-block-embed-twitter\"><div class=\"wp-block-embed__wrapper\">\n<div class=\"twitter-tweet\"><blockquote class=\"twitter-tweet\" data-lang=\"es\"><p lang=\"es\" dir=\"ltr\"><a href=\"https:\/\/twitter.com\/hashtag\/ENVIVO?src=hash&amp;ref_src=twsrc%5Etfw\">#ENVIVO<\/a> <br>Santa Luc\u00eda del Camino, Oax.. a 10 de diciembre de 2022.- Con la presencia del gobernador <a href=\"https:\/\/twitter.com\/salomonj?ref_src=twsrc%5Etfw\">@salomonj<\/a>, el presidente municipal Juan Carlos Garc\u00eda M\u00e1rquez (<a href=\"https:\/\/twitter.com\/JC_GMarquez?ref_src=twsrc%5Etfw\">@JC_GMarquez<\/a>), rinde su primer informe de gobierno.<br>Transmisi\u00f3n:<br>\ud83d\udc47<a href=\"https:\/\/t.co\/nkVQFYj4IU\">https:\/\/t.co\/nkVQFYj4IU<\/a> <a href=\"https:\/\/t.co\/eDvl7b7E7A\">pic.twitter.com\/eDvl7b7E7A<\/a><\/p>&mdash; Zona Roja Oaxaca (@ZonaRoja_Oaxaca) <a href=\"https:\/\/twitter.com\/ZonaRoja_Oaxaca\/status\/1601741079509798912?ref_src=twsrc%5Etfw\">11 de diciembre de 2022<\/a><\/blockquote><\/div>\n<\/div><\/figure>\n\n\n\n<p>En materia de combate a giros negros, se cancelaron 107 permisos y se clausuraron de manera permanente tres bares; una de las m\u00faltiples irregularidades, se\u00f1al\u00f3 el edil, es que muchos de ellos pagaban s\u00f3lo un peso de impuestos.<\/p>\n\n\n\n<p>En el rubro de limpia, indic\u00f3 que tras haber retirado la anterior administraci\u00f3n, que encabez\u00f3 Dante Monta\u00f1o, los veh\u00edculos de recolecci\u00f3n de basura, se adquirieron tres camiones recolectores e incluso mostr\u00f3 la factura de ellos.<\/p>\n\n\n\n<p>Acept\u00f3 que sigue la crisis de la basura en el municipio pero indic\u00f3 que pese a ello, se ha efectuado la recolecci\u00f3n de desechos, de manera peri\u00f3dica.<\/p>\n\n\n\n<p>Con respecto a los apoyos educativos, indic\u00f3 que a trav\u00e9s del programa \u201cLa escuela es nuestra\u201d, se realizaron acciones en seis escuelas y un Centro de Atenci\u00f3n M\u00faltiple.<\/p>\n\n\n\n<p>Garc\u00eda M\u00e1rquez destac\u00f3 la importante labora de Bety Santos, su esposa, a trav\u00e9s del DIF municipal, con m\u00faltiples tareas en beneficio de los segmentos poblacionales m\u00e1s desprotegidos.<\/p>\n\n\n\n<p>Agradeci\u00f3 el respaldo de Jara Cruz y dijo que el ayuntamiento seguir\u00e1 trabajando de la mano con el hoy mandatario estatal quien, asegur\u00f3 brindar\u00e1 todo su apoyo a los habitantes de Santa Luc\u00eda del Camino.<\/p>\n\n\n\n<figure class=\"wp-block-embed is-type-rich is-provider-twitter wp-block-embed-twitter\"><div class=\"wp-block-embed__wrapper\">\n<div class=\"twitter-tweet\"><blockquote class=\"twitter-tweet\" data-lang=\"es\"><p lang=\"es\" dir=\"ltr\"><a href=\"https:\/\/twitter.com\/hashtag\/UltimoMinuto?src=hash&amp;ref_src=twsrc%5Etfw\">#UltimoMinuto<\/a> <br>Al t\u00e9rmino del informe del presidente municipal de <a href=\"https:\/\/twitter.com\/SantaLucia_Ayto?ref_src=twsrc%5Etfw\">@SantaLucia_Ayto<\/a>, el gobernador <a href=\"https:\/\/twitter.com\/salomonj?ref_src=twsrc%5Etfw\">@salomonj<\/a> dio un mensaje en que felicit\u00f3 al edil <a href=\"https:\/\/twitter.com\/JC_GMarquez?ref_src=twsrc%5Etfw\">@JC_GMarquez<\/a> y se comprometi\u00f3 a apoyar al municipio durante su gesti\u00f3n. <a href=\"https:\/\/t.co\/1blaGAFBwe\">pic.twitter.com\/1blaGAFBwe<\/a><\/p>&mdash; Zona Roja Oaxaca (@ZonaRoja_Oaxaca) <a href=\"https:\/\/twitter.com\/ZonaRoja_Oaxaca\/status\/1601763265209520129?ref_src=twsrc%5Etfw\">11 de diciembre de 2022<\/a><\/blockquote><\/div>\n<\/div><\/figure>\n","protected":false},"excerpt":{"rendered":"<p>Redacci\u00f3n\/Zona Roja. Oaxaca de Ju\u00e1rez, Oax., a 12 de diciembre de 2022.- Durante este a\u00f1o,&hellip;<\/p>\n","protected":false},"author":2,"featured_media":49145,"comment_status":"closed","ping_status":"open","sticky":false,"template":"","format":"standard","meta":{"_lmt_disableupdate":"","_lmt_disable":"","_jetpack_memberships_contains_paid_content":false,"footnotes":""},"categories":[109,46],"tags":[2533,337],"class_list":["post-49144","post","type-post","status-publish","format-standard","has-post-thumbnail","hentry","category-minuto-a-minuto","category-zona-blanca","tag-juan-carlos-garcia-marquez","tag-santa-lucia-del-camino"],"jetpack_featured_media_url":"https:\/\/zonaroja.com.mx\/wp-content\/uploads\/2022\/12\/Juan-Carlos-Garcia-Marquez.jpg","jetpack_sharing_enabled":true,"_links":{"self":[{"href":"https:\/\/zonaroja.com.mx\/index.php?rest_route=\/wp\/v2\/posts\/49144","targetHints":{"allow":["GET"]}}],"collection":[{"href":"https:\/\/zonaroja.com.mx\/index.php?rest_route=\/wp\/v2\/posts"}],"about":[{"href":"https:\/\/zonaroja.com.mx\/index.php?rest_route=\/wp\/v2\/types\/post"}],"author":[{"embeddable":true,"href":"https:\/\/zonaroja.com.mx\/index.php?rest_route=\/wp\/v2\/users\/2"}],"replies":[{"embeddable":true,"href":"https:\/\/zonaroja.com.mx\/index.php?rest_route=%2Fwp%2Fv2%2Fcomments&post=49144"}],"version-history":[{"count":2,"href":"https:\/\/zonaroja.com.mx\/index.php?rest_route=\/wp\/v2\/posts\/49144\/revisions"}],"predecessor-version":[{"id":49147,"href":"https:\/\/zonaroja.com.mx\/index.php?rest_route=\/wp\/v2\/posts\/49144\/revisions\/49147"}],"wp:featuredmedia":[{"embeddable":true,"href":"https:\/\/zonaroja.com.mx\/index.php?rest_route=\/wp\/v2\/media\/49145"}],"wp:attachment":[{"href":"https:\/\/zonaroja.com.mx\/index.php?rest_route=%2Fwp%2Fv2%2Fmedia&parent=49144"}],"wp:term":[{"taxonomy":"category","embeddable":true,"href":"https:\/\/zonaroja.com.mx\/index.php?rest_route=%2Fwp%2Fv2%2Fcategories&post=49144"},{"taxonomy":"post_tag","embeddable":true,"href":"https:\/\/zonaroja.com.mx\/index.php?rest_route=%2Fwp%2Fv2%2Ftags&post=49144"}],"curies":[{"name":"wp","href":"https:\/\/api.w.org\/{rel}","templated":true}]}}