{"id":49148,"date":"2022-12-12T07:39:23","date_gmt":"2022-12-12T13:39:23","guid":{"rendered":"http:\/\/www.zonaroja.com.mx\/?p=49148"},"modified":"2022-12-12T07:39:26","modified_gmt":"2022-12-12T13:39:26","slug":"matan-a-nueve-en-puebla-y-a-consejero-de-morena-en-guerrero","status":"publish","type":"post","link":"https:\/\/zonaroja.com.mx\/?p=49148","title":{"rendered":"Matan a nueve en Puebla y a consejero de Morena en Guerrero"},"content":{"rendered":"\n<p>Redacci\u00f3n\/Zona Roja Cdmx.<\/p>\n\n\n\n<p>Ciudad de M\u00e9xico, a 12 de diciembre de 2022.- Al menos nueve personas, entre ellas un menor de edad, fueron asesinadas el fin de semana en el estado de Puebla, mientras que en Guerrero fue asesinado un consejero del Partido Morena.<\/p>\n\n\n\n<p>En 11 distintos puntos de la entidad poblana se registraron los cr\u00edmenes, como es el caso de tres individuos ultimados en la carretera Huehuetl\u00e1n-Tlancualpican.&nbsp;<\/p>\n\n\n\n<p>Mientras que un ni\u00f1o de cinco a\u00f1os muri\u00f3 por una bala perdida a ra\u00edz de un intento de asalto durante la madrugada del 10 de diciembre en el municipio de Palmar del Bravo. La familia del menor fue abordada por supuestos delincuentes quienes detonaron un arma de fuego.<\/p>\n\n\n\n<p>Entre otros hechos, el cuerpo de una persona cerca de un campo deportivo en Zacatl\u00e1n; estaba calcinado y decapitado y adem\u00e1s presentaba huellas de tortura.<\/p>\n\n\n\n<p>EN GUERRERO<\/p>\n\n\n\n<p>Mientras tanto en la localidad de Aguas Blancas, Coyuca de Ben\u00edtez, estado de Guerrero, fue asesinado el consejero estatal del Partido Morena, Jos\u00e9 Francisco Fuentes Torres.<\/p>\n\n\n\n<p>La directiva de Morena en Coyuca de Ben\u00edtez public\u00f3: \u201cLamentamos profundamente el fallecimiento del consejero distrital 03, Jos\u00e9 Francisco Fuentes Torres. Descanse en paz\u201d.<\/p>\n\n\n\n<p>En tanto, el titular de la Secretar\u00eda de Seguridad P\u00fablica(SSP) del estado, Evelio M\u00e9ndez G\u00f3mez, visit\u00f3 este domingo por la ma\u00f1ana el pueblo El Durazno del municipio de Coyuca de Catal\u00e1n, ubicado en la Tierra Caliente de Guerrero, un d\u00eda despu\u00e9s del asesinato de siete personas durante una incursi\u00f3n de presuntos integrantes del grupo criminal \u201cLa familia michoacana\u201d.<\/p>\n","protected":false},"excerpt":{"rendered":"<p>Redacci\u00f3n\/Zona Roja Cdmx. Ciudad de M\u00e9xico, a 12 de diciembre de 2022.- Al menos nueve&hellip;<\/p>\n","protected":false},"author":2,"featured_media":28501,"comment_status":"closed","ping_status":"open","sticky":false,"template":"","format":"standard","meta":{"_lmt_disableupdate":"","_lmt_disable":"","_jetpack_memberships_contains_paid_content":false,"footnotes":""},"categories":[109,51],"tags":[1746],"class_list":["post-49148","post","type-post","status-publish","format-standard","has-post-thumbnail","hentry","category-minuto-a-minuto","category-zona-roja","tag-violencia-en-mexico"],"jetpack_featured_media_url":"https:\/\/zonaroja.com.mx\/wp-content\/uploads\/2021\/06\/Asesinato-homicidio-escena-crimen.jpeg","jetpack_sharing_enabled":true,"_links":{"self":[{"href":"https:\/\/zonaroja.com.mx\/index.php?rest_route=\/wp\/v2\/posts\/49148","targetHints":{"allow":["GET"]}}],"collection":[{"href":"https:\/\/zonaroja.com.mx\/index.php?rest_route=\/wp\/v2\/posts"}],"about":[{"href":"https:\/\/zonaroja.com.mx\/index.php?rest_route=\/wp\/v2\/types\/post"}],"author":[{"embeddable":true,"href":"https:\/\/zonaroja.com.mx\/index.php?rest_route=\/wp\/v2\/users\/2"}],"replies":[{"embeddable":true,"href":"https:\/\/zonaroja.com.mx\/index.php?rest_route=%2Fwp%2Fv2%2Fcomments&post=49148"}],"version-history":[{"count":1,"href":"https:\/\/zonaroja.com.mx\/index.php?rest_route=\/wp\/v2\/posts\/49148\/revisions"}],"predecessor-version":[{"id":49149,"href":"https:\/\/zonaroja.com.mx\/index.php?rest_route=\/wp\/v2\/posts\/49148\/revisions\/49149"}],"wp:featuredmedia":[{"embeddable":true,"href":"https:\/\/zonaroja.com.mx\/index.php?rest_route=\/wp\/v2\/media\/28501"}],"wp:attachment":[{"href":"https:\/\/zonaroja.com.mx\/index.php?rest_route=%2Fwp%2Fv2%2Fmedia&parent=49148"}],"wp:term":[{"taxonomy":"category","embeddable":true,"href":"https:\/\/zonaroja.com.mx\/index.php?rest_route=%2Fwp%2Fv2%2Fcategories&post=49148"},{"taxonomy":"post_tag","embeddable":true,"href":"https:\/\/zonaroja.com.mx\/index.php?rest_route=%2Fwp%2Fv2%2Ftags&post=49148"}],"curies":[{"name":"wp","href":"https:\/\/api.w.org\/{rel}","templated":true}]}}