{"id":49150,"date":"2022-12-12T08:15:02","date_gmt":"2022-12-12T14:15:02","guid":{"rendered":"http:\/\/www.zonaroja.com.mx\/?p=49150"},"modified":"2022-12-12T08:15:03","modified_gmt":"2022-12-12T14:15:03","slug":"rechaza-seccion-22-unilateralidad-de-la-sep-y-exige-implementar-su-plan-educativo","status":"publish","type":"post","link":"https:\/\/zonaroja.com.mx\/?p=49150","title":{"rendered":"Rechaza Secci\u00f3n 22 unilateralidad de la SEP y exige implementar su plan educativo"},"content":{"rendered":"\n<p>Redacci\u00f3n\/Zona Roja.<\/p>\n\n\n\n<p>Oaxaca de Ju\u00e1rez, Oax., a 12 de diciembre de 2022.- La Secci\u00f3n 22 del Sindicato Nacional de Trabajadores de la Educaci\u00f3n (SNTE) rechaz\u00f3 la unilateralidad de la sEP y la imposici\u00f3n del programa de la Nueva Escuela Mexicana.<\/p>\n\n\n\n<p>Ello porque \u201ctiene sus bases y fundamentos en una pseudo Reforma Educativa neoliberal, herencia del anterior sexenio pe\u00f1ista\u201d, dijo la gremial que encabeza Yenny Aracely P\u00e9rez, al hacer un llamado a sus bases \u201ca estar alertas y hacer caso omiso a cualquier instrucci\u00f3n oficial derivado del acuerdo n\u00famero 09\/06\/22 por el que se establecen los calendarios escolares para el ciclo lectivo 2022-2023\u201d.<\/p>\n\n\n\n<p>Entre otras acciones, dicho plan establece que del lunes 2 al viernes 6 de enero de 2023 tendr\u00e1 lugar el Taller Intensivo de Formaci\u00f3n Continua para Docentes: Plan y Programas de estudio de la Educaci\u00f3n B\u00e1sica 2022, lo cual no aceptar\u00e1n.<\/p>\n\n\n\n<p>Por ello, exigi\u00f3 \u201cque de manera inmediata\u201d su Plan para la<\/p>\n\n\n\n<p>Transformaci\u00f3n de la Educaci\u00f3n en Oaxaca (PTEO) sea considerado y reconocido como \u00fanica propuesta educativa en la Ley Estatal de Educaci\u00f3n de Oaxaca.<\/p>\n\n\n\n<p>\u201cYa que fue construida por las bases magisteriales mediante procesos de investigaci\u00f3n educativa que han permitido responder a la cotidianidad educativa de las escuelas, a las verdaderas necesidades formativas de los estudiantes, padres de familia y de los trabajadores de la educaci\u00f3n del Estado.<\/p>\n\n\n\n<p>Indic\u00f3 que la \u201cNueva Escuela Mexicana (NEM) y sus acciones de formaci\u00f3n neoliberal en Oaxaca no pasar\u00e1n, por atentar contra los principios filos\u00f3ficos de la educaci\u00f3n p\u00fablica del pa\u00eds\u201d.&nbsp;<\/p>\n\n\n\n<p>Reiter\u00f3 su exigencia al gobierno de Oaxaca de establecer en lo inmediato \u201cuna verdadera bilateralidad\u201d en beneficio de la educaci\u00f3n los nuestros pueblos de Oaxaca.<\/p>\n","protected":false},"excerpt":{"rendered":"<p>Redacci\u00f3n\/Zona Roja. Oaxaca de Ju\u00e1rez, Oax., a 12 de diciembre de 2022.- La Secci\u00f3n 22&hellip;<\/p>\n","protected":false},"author":2,"featured_media":49156,"comment_status":"closed","ping_status":"open","sticky":false,"template":"","format":"standard","meta":{"_lmt_disableupdate":"","_lmt_disable":"","_jetpack_memberships_contains_paid_content":false,"footnotes":""},"categories":[109,47],"tags":[312],"class_list":["post-49150","post","type-post","status-publish","format-standard","has-post-thumbnail","hentry","category-minuto-a-minuto","category-zona-gris","tag-seccion-22-del-snte"],"jetpack_featured_media_url":"https:\/\/zonaroja.com.mx\/wp-content\/uploads\/2022\/12\/Seccion-22-del-SNTE.jpg","jetpack_sharing_enabled":true,"_links":{"self":[{"href":"https:\/\/zonaroja.com.mx\/index.php?rest_route=\/wp\/v2\/posts\/49150","targetHints":{"allow":["GET"]}}],"collection":[{"href":"https:\/\/zonaroja.com.mx\/index.php?rest_route=\/wp\/v2\/posts"}],"about":[{"href":"https:\/\/zonaroja.com.mx\/index.php?rest_route=\/wp\/v2\/types\/post"}],"author":[{"embeddable":true,"href":"https:\/\/zonaroja.com.mx\/index.php?rest_route=\/wp\/v2\/users\/2"}],"replies":[{"embeddable":true,"href":"https:\/\/zonaroja.com.mx\/index.php?rest_route=%2Fwp%2Fv2%2Fcomments&post=49150"}],"version-history":[{"count":1,"href":"https:\/\/zonaroja.com.mx\/index.php?rest_route=\/wp\/v2\/posts\/49150\/revisions"}],"predecessor-version":[{"id":49157,"href":"https:\/\/zonaroja.com.mx\/index.php?rest_route=\/wp\/v2\/posts\/49150\/revisions\/49157"}],"wp:featuredmedia":[{"embeddable":true,"href":"https:\/\/zonaroja.com.mx\/index.php?rest_route=\/wp\/v2\/media\/49156"}],"wp:attachment":[{"href":"https:\/\/zonaroja.com.mx\/index.php?rest_route=%2Fwp%2Fv2%2Fmedia&parent=49150"}],"wp:term":[{"taxonomy":"category","embeddable":true,"href":"https:\/\/zonaroja.com.mx\/index.php?rest_route=%2Fwp%2Fv2%2Fcategories&post=49150"},{"taxonomy":"post_tag","embeddable":true,"href":"https:\/\/zonaroja.com.mx\/index.php?rest_route=%2Fwp%2Fv2%2Ftags&post=49150"}],"curies":[{"name":"wp","href":"https:\/\/api.w.org\/{rel}","templated":true}]}}