{"id":49160,"date":"2022-12-13T08:59:00","date_gmt":"2022-12-13T14:59:00","guid":{"rendered":"http:\/\/www.zonaroja.com.mx\/?p=49160"},"modified":"2022-12-13T06:38:12","modified_gmt":"2022-12-13T12:38:12","slug":"pide-diputados-que-ahora-se-liberen-portales-cerrados-por-comercios-en-la-capital","status":"publish","type":"post","link":"https:\/\/zonaroja.com.mx\/?p=49160","title":{"rendered":"Pide diputados que ahora se liberen portales cerrados por comercios en la capital"},"content":{"rendered":"\n<p>Redacci\u00f3n\/Zona Roja.&nbsp;<\/p>\n\n\n\n<p>Oaxaca de Ju\u00e1rez, Oax., a 13 de diciembre de 2022.- Tras el desalojo de ambulantes en el portal exterior del Palacio de Gobierno y la primera calle de Flores Mag\u00f3n, ahora los oaxaque\u00f1os piden liberar los pasos de servidumbre en los portales Las Flores, Benito Ju\u00e1rez y Claver\u00edas.<\/p>\n\n\n\n<p>Y es que desde hace m\u00e1s de dos a\u00f1os y bajo el argumento de la pandemia, los propietarios de restaurantes y caf\u00e9s cerraron, con rejas, macetas y maderas, el paso al interior de dichos espacios que circundan el z\u00f3calo de la capital, lo que impide el tr\u00e1nsito de personas.<\/p>\n\n\n\n<p>El artista pl\u00e1stico present\u00f3 recientemente un escrito al ayuntamiento de Oaxaca de Ju\u00e1rez para que procedan a retirar las barreras; en una ocasi\u00f3n, hace unos dos a\u00f1os, retir\u00f3 personalmente los estorbos, lo que origin\u00f3 la irritaci\u00f3n de los empresarios.<\/p>\n\n\n\n<p>En tanto, integrantes de la 65 Legislatura del Congreso del Estado demandaron a las autoridades municipales de Oaxaca de Ju\u00e1rez implementar normas y operativos para garantizar el libre tr\u00e1nsito en los portales del z\u00f3calo de la capital, los cuales fueron ocupados por comerciantes.<\/p>\n\n\n\n<p>En un comunicado, se expuso que se pidi\u00f3 sean retiradas las estructuras met\u00e1licas colocadas por comerciantes y restauranteros, las cuales impiden el paso para as\u00ed liberar las banquetas de los portales de Las Flores y Mercaderes.<\/p>\n\n\n\n<p>Este espacio en los portales solo ser\u00e1 permitido para uso de los restaurantes, los cuales, a su vez, deben otorgar un paso de 1.80 metros para permitir el libre acceso a los peatones.<\/p>\n\n\n\n<p>\u201cNadie est\u00e1 por encima de la ley, la liberaci\u00f3n del z\u00f3calo es trabajo de todas y de todos, m\u00e1s a\u00fan cuando se trata de respetar la ley. Debemos atender la voluntad del pueblo y garantizar el libre tr\u00e1nsito en los espacios p\u00fablicos.&nbsp;<\/p>\n\n\n\n<p>\u201cEl z\u00f3calo, al igual que la alameda es un patrimonio cultural de la humanidad que debemos presumir ante el mundo. Hoy le exigimos al cabildo municipal de Oaxaca de Ju\u00e1rez, que implemente las estrategias necesarias para liberar estos portales\u201d, expres\u00f3 en tribuna el diputado Sesul Bola\u00f1os L\u00f3pez del grupo parlamentario de Morena.&nbsp;&nbsp;&nbsp;<\/p>\n\n\n\n<p>Este punto de acuerdo fue considerado como de urgente y obvia resoluci\u00f3n, por lo que el Pleno Parlamentario lo aprob\u00f3 con 33 votos a favor.<\/p>\n\n\n\n<figure class=\"wp-block-embed is-type-rich is-provider-twitter wp-block-embed-twitter\"><div class=\"wp-block-embed__wrapper\">\n<div class=\"twitter-tweet\"><blockquote class=\"twitter-tweet\" data-lang=\"es\"><p lang=\"es\" dir=\"ltr\">Tras el desalojo de triquis del Palacio de Gobierno y de ambulantes del z\u00f3calo, ahora oaxaque\u00f1os y legisladores demandan que sean retirados los obst\u00e1culos de los portales en el contorno del Jard\u00edn de la Constituci\u00f3n de la ciudad de <a href=\"https:\/\/twitter.com\/hashtag\/Oaxaca?src=hash&amp;ref_src=twsrc%5Etfw\">#Oaxaca<\/a>, copado por restaurantes y cafeter\u00edas. <a href=\"https:\/\/t.co\/DsEbwFAOJb\">pic.twitter.com\/DsEbwFAOJb<\/a><\/p>&mdash; Zona Roja Oaxaca (@ZonaRoja_Oaxaca) <a href=\"https:\/\/twitter.com\/ZonaRoja_Oaxaca\/status\/1602485384058966016?ref_src=twsrc%5Etfw\">13 de diciembre de 2022<\/a><\/blockquote><\/div>\n<\/div><\/figure>\n","protected":false},"excerpt":{"rendered":"<p>Redacci\u00f3n\/Zona Roja.&nbsp; Oaxaca de Ju\u00e1rez, Oax., a 13 de diciembre de 2022.- Tras el desalojo&hellip;<\/p>\n","protected":false},"author":2,"featured_media":49177,"comment_status":"closed","ping_status":"open","sticky":false,"template":"","format":"standard","meta":{"_lmt_disableupdate":"","_lmt_disable":"","_jetpack_memberships_contains_paid_content":false,"footnotes":""},"categories":[109,46],"tags":[2743],"class_list":["post-49160","post","type-post","status-publish","format-standard","has-post-thumbnail","hentry","category-minuto-a-minuto","category-zona-blanca","tag-65-legislatura-del-estado-de-oaxaca"],"jetpack_featured_media_url":"https:\/\/zonaroja.com.mx\/wp-content\/uploads\/2022\/12\/Portal-zocalo-cerrado.jpg","jetpack_sharing_enabled":true,"_links":{"self":[{"href":"https:\/\/zonaroja.com.mx\/index.php?rest_route=\/wp\/v2\/posts\/49160","targetHints":{"allow":["GET"]}}],"collection":[{"href":"https:\/\/zonaroja.com.mx\/index.php?rest_route=\/wp\/v2\/posts"}],"about":[{"href":"https:\/\/zonaroja.com.mx\/index.php?rest_route=\/wp\/v2\/types\/post"}],"author":[{"embeddable":true,"href":"https:\/\/zonaroja.com.mx\/index.php?rest_route=\/wp\/v2\/users\/2"}],"replies":[{"embeddable":true,"href":"https:\/\/zonaroja.com.mx\/index.php?rest_route=%2Fwp%2Fv2%2Fcomments&post=49160"}],"version-history":[{"count":4,"href":"https:\/\/zonaroja.com.mx\/index.php?rest_route=\/wp\/v2\/posts\/49160\/revisions"}],"predecessor-version":[{"id":49201,"href":"https:\/\/zonaroja.com.mx\/index.php?rest_route=\/wp\/v2\/posts\/49160\/revisions\/49201"}],"wp:featuredmedia":[{"embeddable":true,"href":"https:\/\/zonaroja.com.mx\/index.php?rest_route=\/wp\/v2\/media\/49177"}],"wp:attachment":[{"href":"https:\/\/zonaroja.com.mx\/index.php?rest_route=%2Fwp%2Fv2%2Fmedia&parent=49160"}],"wp:term":[{"taxonomy":"category","embeddable":true,"href":"https:\/\/zonaroja.com.mx\/index.php?rest_route=%2Fwp%2Fv2%2Fcategories&post=49160"},{"taxonomy":"post_tag","embeddable":true,"href":"https:\/\/zonaroja.com.mx\/index.php?rest_route=%2Fwp%2Fv2%2Ftags&post=49160"}],"curies":[{"name":"wp","href":"https:\/\/api.w.org\/{rel}","templated":true}]}}