{"id":49162,"date":"2022-12-12T10:34:00","date_gmt":"2022-12-12T16:34:00","guid":{"rendered":"http:\/\/www.zonaroja.com.mx\/?p=49162"},"modified":"2022-12-12T08:36:34","modified_gmt":"2022-12-12T14:36:34","slug":"denuncia-edil-de-nochixtlan-que-lizbeth-v-h-dejo-deuda-por-18-4-mdp","status":"publish","type":"post","link":"https:\/\/zonaroja.com.mx\/?p=49162","title":{"rendered":"Denuncia edil de Nochixtl\u00e1n que Lizbeth V. H. dej\u00f3 deuda por 18.4 mdp"},"content":{"rendered":"\n<p>Redacci\u00f3n\/Zona Roja.<\/p>\n\n\n\n<p>Oaxaca de Ju\u00e1rez, Oax., a 12 de diciembre de 2022.- La expresidenta de Asunci\u00f3n Nochixtl\u00e1n, Lizbeth V. H., dej\u00f3 una deuda de alrededor de 18.4 millones de pesos, adem\u00e1s de m\u00faltiples irregularidades.<\/p>\n\n\n\n<p>As\u00ed lo inform\u00f3 el edil de ese municipio de la regi\u00f3n Mixteca, Alfredo Feliciano L\u00f3pez Santiago, de acuerdo con informaci\u00f3n publicada por el periodista Sa\u00fal Salazar.<\/p>\n\n\n\n<p>Detall\u00f3 que en enero del presente a\u00f1o, los Servicios de Administraci\u00f3n Tributaria (SAT) les bloquearon el CDFI del municipio por una multa que enfrentaba el ayuntamiento, derivado de la falta del pago del Impuesto Sobre la Renta (ISR) de la anterior administraci\u00f3n, lo que origin\u00f3 un problema para la emisi\u00f3n de facturas, pero con la correcci\u00f3n de tr\u00e1mites esta acci\u00f3n se pudo superar.&nbsp;<\/p>\n\n\n\n<p>\u201cNo hubo entrega-recepci\u00f3n, ni documentaci\u00f3n, tuvimos que protegernos ante la Fiscal\u00eda Anticorrupci\u00f3n para dar a conocer de los il\u00edcitos, porque extraer la documentaci\u00f3n del ayuntamiento es un delito.<\/p>\n\n\n\n<p>\u201cHace unos d\u00edas estuvimos en una notificaci\u00f3n que nos hizo la Auditor\u00eda Superior de la Fiscalizaci\u00f3n, por ello, armamos un expediente, con todas las evidencias que hemos encontrado con el control interno, para poder contestar lo que ellos nos piden de informaci\u00f3n\u201d, detall\u00f3.<\/p>\n\n\n\n<p>Seg\u00fan la informaci\u00f3n periodista Sa\u00fal Salazar, la administraci\u00f3n municipal 2019-2021 desapareci\u00f3 cinco millones de pesos de una obra que estaba contemplada para el drenaje del primer cuadro de Nochixtl\u00e1n, al parecer el 27 de diciembre del 2021, y que hasta la fecha no se sabe d\u00f3nde se encuentra el dinero.<\/p>\n\n\n\n<p>Adem\u00e1s, la Secretar\u00eda de Finanzas del Gobierno del Estado, le notific\u00f3 al municipio para que devuelvan los cinco millones m\u00e1s otros siete millones de pesos que corresponde a la mezcla de recursos, siendo un total de 12 millones de pesos, dinero que se consider\u00f3 no usado para la obra de drenaje que nunca se ejecut\u00f3 en el 2021 en Nochixtl\u00e1n, por lo que se sospecha que total fue desviado.\u00a0<\/p>\n\n\n\n<figure class=\"wp-block-image size-large\"><a href=\"http:\/\/www.zonaroja.com.mx\/wp-content\/uploads\/2022\/12\/Deudas-Lizbeth-V-H-Nochixtlan.jpeg\" data-rel=\"penci-gallery-image-content\" ><img decoding=\"async\" width=\"1024\" height=\"656\" src=\"http:\/\/www.zonaroja.com.mx\/wp-content\/uploads\/2022\/12\/Deudas-Lizbeth-V-H-Nochixtlan-1024x656.jpeg\" alt=\"\" class=\"wp-image-49151\" srcset=\"https:\/\/zonaroja.com.mx\/wp-content\/uploads\/2022\/12\/Deudas-Lizbeth-V-H-Nochixtlan-1024x656.jpeg 1024w, https:\/\/zonaroja.com.mx\/wp-content\/uploads\/2022\/12\/Deudas-Lizbeth-V-H-Nochixtlan-300x192.jpeg 300w, https:\/\/zonaroja.com.mx\/wp-content\/uploads\/2022\/12\/Deudas-Lizbeth-V-H-Nochixtlan-768x492.jpeg 768w, https:\/\/zonaroja.com.mx\/wp-content\/uploads\/2022\/12\/Deudas-Lizbeth-V-H-Nochixtlan-1170x750.jpeg 1170w, https:\/\/zonaroja.com.mx\/wp-content\/uploads\/2022\/12\/Deudas-Lizbeth-V-H-Nochixtlan-585x375.jpeg 585w, https:\/\/zonaroja.com.mx\/wp-content\/uploads\/2022\/12\/Deudas-Lizbeth-V-H-Nochixtlan.jpeg 1404w\" sizes=\"(max-width: 1024px) 100vw, 1024px\" \/><\/a><\/figure>\n\n\n\n<p>\u201cLa maestra Elizabeth nos dijo que esos cinco millones de pesos pr\u00e1cticamente los hab\u00edan regresado al Gobierno del Estado, pero eso fue mentira, porque el 27 de diciembre del 2021 retiraron en efectivo el dinero, con la firma de ella y del tesorero municipal.&nbsp;<\/p>\n\n\n\n<p>\u201cDe ah\u00ed viene el descontrol, porque no hay expedientes t\u00e9cnicos de obras ni nada, no hay alg\u00fan documento que nos diga en donde se aplicaron los recursos, y sobre los movimientos bancarios\u201d, revel\u00f3.<\/p>\n\n\n\n<p>Se\u00f1al\u00f3 que son seis cuentas bancarias las que se est\u00e1n investigando para saber d\u00f3nde est\u00e1 el dinero, adem\u00e1s de que ya se presentaron las denuncias ante la Fiscal\u00eda General de la Rep\u00fablica (FGR), en donde dieron a conocer todo el desfalco que hizo la administraci\u00f3n municipal que encabez\u00f3 la expresidenta Lizbeth Victoria Huerta, sentenciada por la desaparici\u00f3n de la activista Claudia Uruchurtu.<\/p>\n\n\n\n<p>La deuda que enfrentan el Ayuntamiento de Asunci\u00f3n Nochixtl\u00e1n, esta desglosada de la siguiente manera: incumplimiento en los pagos de los laudos 911 mil 198 pesos con 23 centavos, incumplimiento ante el SAT 614 mil&nbsp; 67 pesos, una multa ante la Secretaria al Medio Ambiente de 118 mil 907 pesos, el desvi\u00f3 de recursos&nbsp; de la obra de drenaje sanitario&nbsp; de 11 millones 912 mil 415 pesos y 58 centavos, y el pago de dietas al ex s\u00edndico, Abimael L\u00f3pez L\u00f3pez, 40 mil pesos, por lo que la deuda total es de 18 millones 454 mil&nbsp; 596 pesos y 70 centavos.<\/p>\n\n\n\n<p>Este lunes, Lizbeth V. H., Juan Antonio \u201cN\u201d, alias \u201cEl Centinela\u201d; Rolando \u201cN\u201d, alias \u201cEl Colas\u201d. y Nelci Janet \u201cN\u201d, recibir\u00e1n la sentencia del juez, luego de ser considerados culpables en el delito de desaparici\u00f3n forzada de la activista mexicana-inglesa Claudia Uruchurtu Cruz.<\/p>\n\n\n\n<p>De acuerdo con los hechos asentados en la causa penal 203\/2021, el pasado 26 de marzo de 2021, la v\u00edctima Uruchurtu Cruz fue vista por \u00faltima vez en las inmediaciones del palacio municipal de Asunci\u00f3n Nochixtl\u00e1n, luego de participar en una manifestaci\u00f3n en contra de la exalcaldesa morenista, quien buscaba su reelecci\u00f3n.<\/p>\n","protected":false},"excerpt":{"rendered":"<p>Redacci\u00f3n\/Zona Roja. Oaxaca de Ju\u00e1rez, Oax., a 12 de diciembre de 2022.- La expresidenta de&hellip;<\/p>\n","protected":false},"author":2,"featured_media":27204,"comment_status":"closed","ping_status":"open","sticky":false,"template":"","format":"standard","meta":{"_lmt_disableupdate":"","_lmt_disable":"","_jetpack_memberships_contains_paid_content":false,"footnotes":""},"categories":[109,47],"tags":[2083],"class_list":["post-49162","post","type-post","status-publish","format-standard","has-post-thumbnail","hentry","category-minuto-a-minuto","category-zona-gris","tag-lizbeth-victoria-huerta"],"jetpack_featured_media_url":"https:\/\/zonaroja.com.mx\/wp-content\/uploads\/2021\/05\/Lizbeth-Victoria-H..jpg","jetpack_sharing_enabled":true,"_links":{"self":[{"href":"https:\/\/zonaroja.com.mx\/index.php?rest_route=\/wp\/v2\/posts\/49162","targetHints":{"allow":["GET"]}}],"collection":[{"href":"https:\/\/zonaroja.com.mx\/index.php?rest_route=\/wp\/v2\/posts"}],"about":[{"href":"https:\/\/zonaroja.com.mx\/index.php?rest_route=\/wp\/v2\/types\/post"}],"author":[{"embeddable":true,"href":"https:\/\/zonaroja.com.mx\/index.php?rest_route=\/wp\/v2\/users\/2"}],"replies":[{"embeddable":true,"href":"https:\/\/zonaroja.com.mx\/index.php?rest_route=%2Fwp%2Fv2%2Fcomments&post=49162"}],"version-history":[{"count":1,"href":"https:\/\/zonaroja.com.mx\/index.php?rest_route=\/wp\/v2\/posts\/49162\/revisions"}],"predecessor-version":[{"id":49163,"href":"https:\/\/zonaroja.com.mx\/index.php?rest_route=\/wp\/v2\/posts\/49162\/revisions\/49163"}],"wp:featuredmedia":[{"embeddable":true,"href":"https:\/\/zonaroja.com.mx\/index.php?rest_route=\/wp\/v2\/media\/27204"}],"wp:attachment":[{"href":"https:\/\/zonaroja.com.mx\/index.php?rest_route=%2Fwp%2Fv2%2Fmedia&parent=49162"}],"wp:term":[{"taxonomy":"category","embeddable":true,"href":"https:\/\/zonaroja.com.mx\/index.php?rest_route=%2Fwp%2Fv2%2Fcategories&post=49162"},{"taxonomy":"post_tag","embeddable":true,"href":"https:\/\/zonaroja.com.mx\/index.php?rest_route=%2Fwp%2Fv2%2Ftags&post=49162"}],"curies":[{"name":"wp","href":"https:\/\/api.w.org\/{rel}","templated":true}]}}