{"id":49170,"date":"2022-12-12T11:52:00","date_gmt":"2022-12-12T17:52:00","guid":{"rendered":"http:\/\/www.zonaroja.com.mx\/?p=49170"},"modified":"2022-12-12T15:19:16","modified_gmt":"2022-12-12T21:19:16","slug":"pend-3","status":"publish","type":"post","link":"https:\/\/zonaroja.com.mx\/?p=49170","title":{"rendered":"Disfraza Jara nepotismo con \u201ctrayectoria pol\u00edtica\u201d; defiende cargos entre familiares"},"content":{"rendered":"\n<p>Yuridiana Sosa\/Zona Roja.<\/p>\n\n\n\n<p>Oaxaca de Ju\u00e1rez, Oax., 12 de diciembre de 2022.- Los cargos p\u00fablicos entre familiares dentro del gobierno de Oaxaca no son actos de nepotismo, sino de reconocimiento a trayectorias pol\u00edticas, se\u00f1al\u00f3 el gobernador Salom\u00f3n Jara Cruz.<\/p>\n\n\n\n<p>Durante su conferencia matutina de cada lunes, el mandatario defendi\u00f3 los nombramientos en el gabinete ampliado para el matrimonio que conforma Rey Maga\u00f1a Garc\u00eda y Beatriz Montoya Acevedo, originarios de Valle Nacional en la regi\u00f3n de la Cuenca.<\/p>\n\n\n\n<p>Maga\u00f1a Garc\u00eda, ex edil de Valle Nacional, fue designado para dirigir el Instituto Estatal de Educaci\u00f3n para Adultos (IEEA) y Beatriz Montoya Acevedo, ex candidata a la presidencia y ex aspirante a la diputaci\u00f3n local con cabecera en Ixtl\u00e1n, estar\u00e1 al frente de la Administraci\u00f3n del Patrimonio de la Beneficencia P\u00fablica del Estado de Oaxaca.&nbsp;<\/p>\n\n\n\n<p>\u201cHay muchos compa\u00f1eros y compa\u00f1eras que han trabajado lo pol\u00edtico, no solo el caso de nuestros amigos de Valle Nacional\u201d, apunt\u00f3 Jara Cruz para justificar las recientes asignaciones, y apunt\u00f3 que por separado, Rey Maga\u00f1a y Beatriz Montoya han hecho su carrera pol\u00edtica, incluso ella antes que \u00e9l.<\/p>\n\n\n\n<p>Pues tambi\u00e9n ha trascendido que la directora del Sistema del Colegio de Bachilleres del Estado de Oaxaca (Cobao), Ver\u00f3nica Hern\u00e1ndez Gonz\u00e1lez, tambi\u00e9n nombr\u00f3 a su esposo como asesor y a otro familiar como encargado de la comunicaci\u00f3n social de su \u00e1rea.<\/p>\n\n\n\n<p>El gobernador agreg\u00f3: \u201cAqu\u00ed no se trata de tener a un familiar solo porque es una cuesti\u00f3n de ser familia, no tener historia ni trabajo pol\u00edtico, no. Nosotros vamos a ser muy respetuosos de la historia pol\u00edtica de cada quien, de lo que han hecho\u201d.<\/p>\n\n\n\n<p>\u201cVamos a ser muy respetuosos, pero aqu\u00ed no va haber en la administraci\u00f3n una persona que no tenga m\u00e9ritos pol\u00edticos, de carrera, de trabajo, y eso es lo que siempre daremos a conocer\u201d, sostuvo en su defensa Jara Cruz, luego que en \u00e9pocas anteriores critic\u00f3 actos de nepotismo en las administraciones p\u00fablicas.<\/p>\n\n\n\n<figure class=\"wp-block-embed\"><div class=\"wp-block-embed__wrapper\">\n<div class=\"twitter-tweet\"><blockquote class=\"twitter-tweet\" data-lang=\"es\"><p lang=\"es\" dir=\"ltr\">A pregunta de la periodista <a href=\"https:\/\/twitter.com\/nereoax?ref_src=twsrc%5Etfw\">@nereoax<\/a> sobre nepotismo en el gabinete del nuevo <a href=\"https:\/\/twitter.com\/GobOax?ref_src=twsrc%5Etfw\">@GobOax<\/a>, el mandatario <a href=\"https:\/\/twitter.com\/salomonj?ref_src=twsrc%5Etfw\">@salomonj<\/a> acept\u00f3 hoy que hay varios familiares de pol\u00edticos en el gobierno (como en el <a href=\"https:\/\/twitter.com\/COBAO_GobOax?ref_src=twsrc%5Etfw\">@COBAO_GobOax<\/a>, entre otras dependencias), pero justific\u00f3 que \u201ctienen trayectoria pol\u00edtica\u201d. <a href=\"https:\/\/t.co\/Ot4YsSbkv0\">pic.twitter.com\/Ot4YsSbkv0<\/a><\/p>&mdash; Zona Roja Oaxaca (@ZonaRoja_Oaxaca) <a href=\"https:\/\/twitter.com\/ZonaRoja_Oaxaca\/status\/1602375850141155328?ref_src=twsrc%5Etfw\">12 de diciembre de 2022<\/a><\/blockquote><\/div>\n<\/div><\/figure>\n\n\n\n<p>CASOS FIAT&nbsp;<\/p>\n\n\n\n<p>\u201cNo tengo ning\u00fan compromisos con el se\u00f1or que sali\u00f3 (Alejandro Murat), no tuve ning\u00fan compromiso, padrino, madrinas; no tengo ning\u00fan compromiso con nadie, mi \u00fanico compromiso es con el pueblo\u201d, se\u00f1al\u00f3 Salom\u00f3n Jara Cruz con relaci\u00f3n de echar abajo los fiat notariales entregados en la administraci\u00f3n anterior,&nbsp;<\/p>\n\n\n\n<p>Dijo que su gobierno no va a permitir falsos fiat notariales, por lo que se instruy\u00f3 a la Consejer\u00eda Jur\u00eddica de revisar ese asunto y as\u00ed tambi\u00e9n evitar las funciones del denominado \u201cc\u00e1rtel del despojo\u201d, pues en ese tipo de permisos irregulares se fomentaba el despojo de bienes a los particulares oaxaque\u00f1os, por lo que se har\u00e1 una limpia tambi\u00e9n en las \u00e1reas de gobierno involucradas.&nbsp;<\/p>\n\n\n\n<p>Destac\u00f3 que algunas de las reacciones de notarios, ante la llegada del actual gobierno en el que se han anunciado sanciones, es comenzar a devolver los bienes con escrituras a los due\u00f1os despojados.<\/p>\n\n\n\n<p>\u201cNo vamos a permitir este tipo de robos a la gente del pueblo.&nbsp; Va a hacer aqu\u00ed (en Oaxaca capital) y en Huatulco. Que me perdonen, pero tengo que hacerlo, Fonatur, el director en Huatulco tiene que ver con este tipo de actos\u201d, asever\u00f3 Jara Cruz.<\/p>\n\n\n\n<p>Otro de los temas que tambi\u00e9n revisar\u00e1n ser\u00e1n las plazas vendidas para mil 500 trabajadores de base del Gobierno del Estado y concesiones a taxistas, lo cual supuestamente eran compromisos que el gobierno de Alejandro Murat sign\u00f3 en no otorgar. <\/p>\n","protected":false},"excerpt":{"rendered":"<p>Yuridiana Sosa\/Zona Roja. Oaxaca de Ju\u00e1rez, Oax., 12 de diciembre de 2022.- Los cargos p\u00fablicos&hellip;<\/p>\n","protected":false},"author":2,"featured_media":49172,"comment_status":"closed","ping_status":"open","sticky":false,"template":"","format":"standard","meta":{"_lmt_disableupdate":"","_lmt_disable":"","_jetpack_memberships_contains_paid_content":false,"footnotes":""},"categories":[109,47],"tags":[],"class_list":["post-49170","post","type-post","status-publish","format-standard","has-post-thumbnail","hentry","category-minuto-a-minuto","category-zona-gris"],"jetpack_featured_media_url":"https:\/\/zonaroja.com.mx\/wp-content\/uploads\/2022\/12\/img_8193.jpg","jetpack_sharing_enabled":true,"_links":{"self":[{"href":"https:\/\/zonaroja.com.mx\/index.php?rest_route=\/wp\/v2\/posts\/49170","targetHints":{"allow":["GET"]}}],"collection":[{"href":"https:\/\/zonaroja.com.mx\/index.php?rest_route=\/wp\/v2\/posts"}],"about":[{"href":"https:\/\/zonaroja.com.mx\/index.php?rest_route=\/wp\/v2\/types\/post"}],"author":[{"embeddable":true,"href":"https:\/\/zonaroja.com.mx\/index.php?rest_route=\/wp\/v2\/users\/2"}],"replies":[{"embeddable":true,"href":"https:\/\/zonaroja.com.mx\/index.php?rest_route=%2Fwp%2Fv2%2Fcomments&post=49170"}],"version-history":[{"count":2,"href":"https:\/\/zonaroja.com.mx\/index.php?rest_route=\/wp\/v2\/posts\/49170\/revisions"}],"predecessor-version":[{"id":49173,"href":"https:\/\/zonaroja.com.mx\/index.php?rest_route=\/wp\/v2\/posts\/49170\/revisions\/49173"}],"wp:featuredmedia":[{"embeddable":true,"href":"https:\/\/zonaroja.com.mx\/index.php?rest_route=\/wp\/v2\/media\/49172"}],"wp:attachment":[{"href":"https:\/\/zonaroja.com.mx\/index.php?rest_route=%2Fwp%2Fv2%2Fmedia&parent=49170"}],"wp:term":[{"taxonomy":"category","embeddable":true,"href":"https:\/\/zonaroja.com.mx\/index.php?rest_route=%2Fwp%2Fv2%2Fcategories&post=49170"},{"taxonomy":"post_tag","embeddable":true,"href":"https:\/\/zonaroja.com.mx\/index.php?rest_route=%2Fwp%2Fv2%2Ftags&post=49170"}],"curies":[{"name":"wp","href":"https:\/\/api.w.org\/{rel}","templated":true}]}}