{"id":49180,"date":"2022-12-12T16:06:53","date_gmt":"2022-12-12T22:06:53","guid":{"rendered":"http:\/\/www.zonaroja.com.mx\/?p=49180"},"modified":"2022-12-12T20:01:56","modified_gmt":"2022-12-13T02:01:56","slug":"desmienten-pobladores-de-san-martin-peras-a-gobierno-de-jara-van-11-dias-de-retencion","status":"publish","type":"post","link":"https:\/\/zonaroja.com.mx\/?p=49180","title":{"rendered":"Desmienten pobladores de San Mart\u00edn Peras a gobierno de Jara; van 11 d\u00edas de retenci\u00f3n"},"content":{"rendered":"\n<p>Yuridiana Sosa\/Zona Roja.&nbsp;<\/p>\n\n\n\n<p>Oaxaca de Ju\u00e1rez, Oax., 12 de diciembre de 2022.- Ciudadanas y autoridades de San Mart\u00edn Peras, Juxtlahuaca, acompa\u00f1adas de colectivos de derechos humanos, exigieron justicia y liberaci\u00f3n de tres personas retenidas en su comunidad desde hace 11 d\u00edas por un grupo minoritario de personas armadas, as\u00ed como denunciaron que el Gobierno del Estado ha sido omiso en resolver la problem\u00e1tica y violencia en esa localidad.\u00a0<\/p>\n\n\n\n<p>Este lunes las mujeres y familiares de la esposa y suegra del edil Rom\u00e1n Ju\u00e1rez Cruz y un elemento de la Polic\u00eda Municipal retenidos desde hace casi dos semanas se manifestaron en el z\u00f3calo de la capital para exigir al gobierno de Salom\u00f3n Jara que se respete la resoluci\u00f3n de un juez que ordena la liberaci\u00f3n de las personas privadas de su libertad.<\/p>\n\n\n\n<p>Las habitantes y abogadas de derechos humanos desmintieron al secretario de Gobierno de Oaxaca, Jes\u00fas Romero L\u00f3pez, sobre la permanencia voluntaria de la\u00a0se\u00f1ora Guadalupe Ortiz, de 78 a\u00f1os,\u00a0madre de Marcelina Vega Ortiz, esposa de Rom\u00e1n Ju\u00e1rez; pero, adem\u00e1s, de la falta la aplicaci\u00f3n de la ley para mantener el orden en la poblaci\u00f3n.<\/p>\n\n\n\n<p>Otilia Flores L\u00f3pez, regidora suplente de Salud de San Mart\u00edn Peras, se\u00f1al\u00f3 que Elpidio Morales es quien genera el clima de violencia en su poblaci\u00f3n en busca de ocupar por la fuerza la presidencia municipal a pesar que el IEEPCO invalid\u00f3 la asamblea en la que supuestamente gan\u00f3.<\/p>\n\n\n\n<figure class=\"wp-block-embed is-type-rich is-provider-twitter wp-block-embed-twitter\"><div class=\"wp-block-embed__wrapper\">\n<div class=\"twitter-tweet\"><blockquote class=\"twitter-tweet\" data-lang=\"es\"><p lang=\"es\" dir=\"ltr\"><a href=\"https:\/\/twitter.com\/hashtag\/ENVIVO?src=hash&amp;ref_src=twsrc%5Etfw\">#ENVIVO<\/a><br>Pobladores de San Mart\u00edn Peras denuncian que, a 11 d\u00edas de la retenci\u00f3n de dos mujeres, hasta el momento el <a href=\"https:\/\/twitter.com\/GobOax?ref_src=twsrc%5Etfw\">@GobOax<\/a> no ha actuado.<br>Desmienten que una est\u00e9 detenida por su voluntad, como dijo el titular de <a href=\"https:\/\/twitter.com\/SE_GobOax?ref_src=twsrc%5Etfw\">@SE_GobOax<\/a>, <a href=\"https:\/\/twitter.com\/jesusromerooax?ref_src=twsrc%5Etfw\">@jesusromerooax<\/a>.<br>Transmisi\u00f3n \ud83d\udc47<a href=\"https:\/\/t.co\/oXrF8MM8vI\">https:\/\/t.co\/oXrF8MM8vI<\/a> <a href=\"https:\/\/t.co\/8fYTRnzHnH\">pic.twitter.com\/8fYTRnzHnH<\/a><\/p>&mdash; Zona Roja Oaxaca (@ZonaRoja_Oaxaca) <a href=\"https:\/\/twitter.com\/ZonaRoja_Oaxaca\/status\/1602393441954332672?ref_src=twsrc%5Etfw\">12 de diciembre de 2022<\/a><\/blockquote><\/div>\n<\/div><\/figure>\n\n\n\n<p>La mayor\u00eda de la poblaci\u00f3n est\u00e1 en desacuerdo con Elpidio Morales, sin embargo, \u00e9l junto con sus familiares -Roberta, Luisa, Angelina, Demetria y Humberto Ortiz Rodr\u00edguez- dominan a un grupo de habitantes armados que \u201ctomaron\u201d el palacio municipal y se han dedicado a golpear y violentar a la poblaci\u00f3n que no coindice con ellos, apunt\u00f3 la autoridad.&nbsp;<\/p>\n\n\n\n<p>Los manifestantes en palacio municipal montaron un campamento y mantienen controladas las visitas y limitado el alimento para las mujeres detenidas que adem\u00e1s se encuentran en mal estado de salud; as\u00ed tambi\u00e9n para el polic\u00eda identificado Rutilio, con siete d\u00edas privado de su libertad, quienes adem\u00e1s no tienen acceso al aseo personal.&nbsp;<\/p>\n\n\n\n<p>Flores L\u00f3pez indic\u00f3 que ella y otras mujeres han sido golpeadas y amenazadas por Elpidio Morales por medio de terceros, por lo que tambi\u00e9n responsabilizaron a dicho grupo de cualquier acci\u00f3n contra su vida e integridad de las mujeres que defienden los derechos de su poblaci\u00f3n.<\/p>\n\n\n\n<p>\u201cUn grupo &nbsp;de personas &nbsp;encabezada por Elpidio tom\u00f3 nuestro pueblo, ahora se est\u00e1n desquitando con mujeres inocentes\u201d, expres\u00f3 la regidora.&nbsp;<\/p>\n\n\n\n<p>Respecto a la visita de la Defensor\u00eda de los Derechos Humanos del Pueblo de Oaxaca a la comunidad, los familiares indicaron que no solucion\u00f3 nada, por el contrario, ofreci\u00f3 mayor poder a los manifestantes para decidir sobre el destino legal o ilegal de los retenidos.<\/p>\n\n\n\n<p>\u00a0Durante la protesta en el z\u00f3calo de la capital, las mujeres y hombres se quitaron los zapatos para representar que se sienten desprotegidos por parte del gobierno del estado ante la violaci\u00f3n a sus derechos humanos por un grupo minoritario.\u00a0<\/p>\n\n\n\n<figure class=\"wp-block-embed is-type-rich is-provider-twitter wp-block-embed-twitter\"><div class=\"wp-block-embed__wrapper\">\n<div class=\"twitter-tweet\"><blockquote class=\"twitter-tweet\" data-lang=\"es\"><p lang=\"es\" dir=\"ltr\">\u00bfQu\u00e9 le parece? As\u00ed desmintieron habitantes de San Mart\u00edn Peras del <a href=\"https:\/\/twitter.com\/GobOax?ref_src=twsrc%5Etfw\">@GobOax<\/a>:<br>-Falso, lo que dijo <a href=\"https:\/\/twitter.com\/jesusromerooax?ref_src=twsrc%5Etfw\">@jesusromerooax<\/a>, que una mujer est\u00e9 encarcelada por su voluntad.<br>-No hay ni <a href=\"https:\/\/twitter.com\/Policia_GobOax?ref_src=twsrc%5Etfw\">@Policia_GobOax<\/a> ni la <a href=\"https:\/\/twitter.com\/GN_MEXICO_?ref_src=twsrc%5Etfw\">@GN_MEXICO_<\/a>.<br>-Grupos armados con R15 se pasean impunes. <a href=\"https:\/\/t.co\/sbz5sDVAYf\">pic.twitter.com\/sbz5sDVAYf<\/a><\/p>&mdash; Zona Roja Oaxaca (@ZonaRoja_Oaxaca) <a href=\"https:\/\/twitter.com\/ZonaRoja_Oaxaca\/status\/1602469422119223296?ref_src=twsrc%5Etfw\">13 de diciembre de 2022<\/a><\/blockquote><\/div>\n<\/div><\/figure>\n","protected":false},"excerpt":{"rendered":"<p>Yuridiana Sosa\/Zona Roja.&nbsp; Oaxaca de Ju\u00e1rez, Oax., 12 de diciembre de 2022.- Ciudadanas y autoridades&hellip;<\/p>\n","protected":false},"author":2,"featured_media":49175,"comment_status":"closed","ping_status":"open","sticky":false,"template":"","format":"standard","meta":{"_lmt_disableupdate":"","_lmt_disable":"","_jetpack_memberships_contains_paid_content":false,"footnotes":""},"categories":[109,47],"tags":[1872],"class_list":["post-49180","post","type-post","status-publish","format-standard","has-post-thumbnail","hentry","category-minuto-a-minuto","category-zona-gris","tag-san-martin-peras"],"jetpack_featured_media_url":"https:\/\/zonaroja.com.mx\/wp-content\/uploads\/2022\/12\/Indigenas-San-Martin-Peras-protesta-retencion.jpg","jetpack_sharing_enabled":true,"_links":{"self":[{"href":"https:\/\/zonaroja.com.mx\/index.php?rest_route=\/wp\/v2\/posts\/49180","targetHints":{"allow":["GET"]}}],"collection":[{"href":"https:\/\/zonaroja.com.mx\/index.php?rest_route=\/wp\/v2\/posts"}],"about":[{"href":"https:\/\/zonaroja.com.mx\/index.php?rest_route=\/wp\/v2\/types\/post"}],"author":[{"embeddable":true,"href":"https:\/\/zonaroja.com.mx\/index.php?rest_route=\/wp\/v2\/users\/2"}],"replies":[{"embeddable":true,"href":"https:\/\/zonaroja.com.mx\/index.php?rest_route=%2Fwp%2Fv2%2Fcomments&post=49180"}],"version-history":[{"count":2,"href":"https:\/\/zonaroja.com.mx\/index.php?rest_route=\/wp\/v2\/posts\/49180\/revisions"}],"predecessor-version":[{"id":49190,"href":"https:\/\/zonaroja.com.mx\/index.php?rest_route=\/wp\/v2\/posts\/49180\/revisions\/49190"}],"wp:featuredmedia":[{"embeddable":true,"href":"https:\/\/zonaroja.com.mx\/index.php?rest_route=\/wp\/v2\/media\/49175"}],"wp:attachment":[{"href":"https:\/\/zonaroja.com.mx\/index.php?rest_route=%2Fwp%2Fv2%2Fmedia&parent=49180"}],"wp:term":[{"taxonomy":"category","embeddable":true,"href":"https:\/\/zonaroja.com.mx\/index.php?rest_route=%2Fwp%2Fv2%2Fcategories&post=49180"},{"taxonomy":"post_tag","embeddable":true,"href":"https:\/\/zonaroja.com.mx\/index.php?rest_route=%2Fwp%2Fv2%2Ftags&post=49180"}],"curies":[{"name":"wp","href":"https:\/\/api.w.org\/{rel}","templated":true}]}}