{"id":49184,"date":"2022-12-12T16:13:28","date_gmt":"2022-12-12T22:13:28","guid":{"rendered":"http:\/\/www.zonaroja.com.mx\/?p=49184"},"modified":"2022-12-12T16:13:29","modified_gmt":"2022-12-12T22:13:29","slug":"rescata-a-fiscalia-a-una-mujer-privada-de-su-libertad-en-la-cuenca","status":"publish","type":"post","link":"https:\/\/zonaroja.com.mx\/?p=49184","title":{"rendered":"Rescata a Fiscal\u00eda a una mujer privada de su libertad en la Cuenca"},"content":{"rendered":"\n<p>Redacci\u00f3n\/Zona Roja.&nbsp;<\/p>\n\n\n\n<p>Oaxaca de Ju\u00e1rez, Oax., 12 de diciembre de 2022.- La Fiscal\u00eda General del Estado de Oaxaca (FGEO) ejecut\u00f3 un operativo de b\u00fasqueda que dio como resultado la localizaci\u00f3n -con vida- de la persona del sexo femenino identificada como W. C. H.<\/p>\n\n\n\n<p>Ella es v\u00edctima del delito de desaparici\u00f3n de personas cometida por particulares, quien junto con el masculino D. A. P. hab\u00eda sido privada de su libertad en d\u00edas pasados en jurisdicci\u00f3n de Loma Bonita, en la regi\u00f3n de la Cuenca.<\/p>\n\n\n\n<p>De acuerdo con la carpeta de investigaci\u00f3n 42300\/FCUE\/LOMA\/2022, el 10 de diciembre de 2022, reportes polic\u00edacos informaron que un grupo de sujetos armados privaron de su libertad a la mujer W. C. H. y al masculino D. A. P., cuando sal\u00edan de su domicilio particular ubicado sobre la calle Chiapas de Loma Bonita.<\/p>\n\n\n\n<p>Este hecho provoc\u00f3 la intervenci\u00f3n de la Vicefiscal\u00eda Regional de la Cuenca, que despleg\u00f3 a su personal multidisciplinario, que a trav\u00e9s de la Agencia Estatal de Investigaciones (AEI) comenz\u00f3 un operativo de b\u00fasqueda para dar con el paradero de ambas v\u00edctimas.<\/p>\n\n\n\n<p>Horas despu\u00e9s y gracias a las acciones de b\u00fasqueda, los efectivos localizaron a la mujer W. C. H., a&nbsp; la altura de una carretera de terracer\u00eda que conduce al basurero municipal, ubicado en la colonia San Antonio de Loma Bonita.<\/p>\n\n\n\n<p>La FGEO dar\u00e1 continuidad con las labores de b\u00fasqueda y localizaci\u00f3n de D. A. P., realizando los actos de investigaci\u00f3n pertinentes que permitan restituirlo con su familia.<\/p>\n\n\n\n<p>La Instituci\u00f3n refrenda su compromiso de llevar ante la justicia y aplicar todo el peso de la Ley a quienes resulten responsables de atentar contra la integridad y libertad de las y los oaxaque\u00f1os.<\/p>\n\n\n\n<p>(Comunicado)<\/p>\n","protected":false},"excerpt":{"rendered":"<p>Redacci\u00f3n\/Zona Roja.&nbsp; Oaxaca de Ju\u00e1rez, Oax., 12 de diciembre de 2022.- La Fiscal\u00eda General del&hellip;<\/p>\n","protected":false},"author":2,"featured_media":48179,"comment_status":"closed","ping_status":"open","sticky":false,"template":"","format":"standard","meta":{"_lmt_disableupdate":"","_lmt_disable":"","_jetpack_memberships_contains_paid_content":false,"footnotes":""},"categories":[109,46],"tags":[494],"class_list":["post-49184","post","type-post","status-publish","format-standard","has-post-thumbnail","hentry","category-minuto-a-minuto","category-zona-blanca","tag-fiscalia-general-del-estado-de-oaxaca"],"jetpack_featured_media_url":"https:\/\/zonaroja.com.mx\/wp-content\/uploads\/2022\/11\/secuestro3.jpg","jetpack_sharing_enabled":true,"_links":{"self":[{"href":"https:\/\/zonaroja.com.mx\/index.php?rest_route=\/wp\/v2\/posts\/49184","targetHints":{"allow":["GET"]}}],"collection":[{"href":"https:\/\/zonaroja.com.mx\/index.php?rest_route=\/wp\/v2\/posts"}],"about":[{"href":"https:\/\/zonaroja.com.mx\/index.php?rest_route=\/wp\/v2\/types\/post"}],"author":[{"embeddable":true,"href":"https:\/\/zonaroja.com.mx\/index.php?rest_route=\/wp\/v2\/users\/2"}],"replies":[{"embeddable":true,"href":"https:\/\/zonaroja.com.mx\/index.php?rest_route=%2Fwp%2Fv2%2Fcomments&post=49184"}],"version-history":[{"count":1,"href":"https:\/\/zonaroja.com.mx\/index.php?rest_route=\/wp\/v2\/posts\/49184\/revisions"}],"predecessor-version":[{"id":49185,"href":"https:\/\/zonaroja.com.mx\/index.php?rest_route=\/wp\/v2\/posts\/49184\/revisions\/49185"}],"wp:featuredmedia":[{"embeddable":true,"href":"https:\/\/zonaroja.com.mx\/index.php?rest_route=\/wp\/v2\/media\/48179"}],"wp:attachment":[{"href":"https:\/\/zonaroja.com.mx\/index.php?rest_route=%2Fwp%2Fv2%2Fmedia&parent=49184"}],"wp:term":[{"taxonomy":"category","embeddable":true,"href":"https:\/\/zonaroja.com.mx\/index.php?rest_route=%2Fwp%2Fv2%2Fcategories&post=49184"},{"taxonomy":"post_tag","embeddable":true,"href":"https:\/\/zonaroja.com.mx\/index.php?rest_route=%2Fwp%2Fv2%2Ftags&post=49184"}],"curies":[{"name":"wp","href":"https:\/\/api.w.org\/{rel}","templated":true}]}}