{"id":49195,"date":"2022-12-12T22:21:33","date_gmt":"2022-12-13T04:21:33","guid":{"rendered":"http:\/\/www.zonaroja.com.mx\/?p=49195"},"modified":"2022-12-12T22:21:34","modified_gmt":"2022-12-13T04:21:34","slug":"dia-12-de-primavera-oaxaquena-ingobernable-hoy-seis-protestas","status":"publish","type":"post","link":"https:\/\/zonaroja.com.mx\/?p=49195","title":{"rendered":"D\u00eda 12 de \u00abprimavera oaxaque\u00f1a\u00bb ingobernable; hoy seis protestas"},"content":{"rendered":"\n<p>Redacci\u00f3n\/Zona Roja.<\/p>\n\n\n\n<p>Oaxaca de Ju\u00e1rez, Oax., a 12 de diciembre de 2022.- En el d\u00eda 12 del gobierno de la \u201cprimavera oaxaque\u00f1a\u201d, no cesan las protestas.<\/p>\n\n\n\n<p>Este lunes se registraron al menos seis manifestaciones de inconformidad, la m\u00e1s cr\u00edtica, en los l\u00edmites de Santa Mar\u00eda Pe\u00f1oles con Santo Tom\u00e1s Mazaltepec.<\/p>\n\n\n\n<p>Pobladores de este \u00faltimo municipio, del distrito de Etla, denunciaron que sus vecinos pretenden realizar una obra, la pavimentaci\u00f3n de un camino, en sus l\u00edmites territoriales, ante lo cual pidieron la intervenci\u00f3n de la Secretar\u00eda de Gobierno.<\/p>\n\n\n\n<p>Sin embargo, las autoridades estatales les dijeron que tendr\u00edan que venir a una mesa de di\u00e1logo a la capital; esta noche, Mazaltepec resguarda la zona con diversos pobladores, ante la probable invasi\u00f3n por parte de Pe\u00f1oles.<\/p>\n\n\n\n<p>En tanto, despu\u00e9s del mediod\u00eda, un grupo de ind\u00edgenas triquis desplazados, que encabeza Lorena Merino, protest\u00f3 a las afueras del Palacio de Gobierno, sobre la calle de Bustamante.<\/p>\n\n\n\n<p>Ello para denunciar enga\u00f1os por parte del secretario de Gobierno, Jes\u00fas Romero L\u00f3pez, al incumplir con una reubicaci\u00f3n.<\/p>\n\n\n\n<p>Una empleada del Palacio de Gobierno sali\u00f3 para pasarle su tel\u00e9fono a Merino, quien habl\u00f3 con Romero L\u00f3pez y le recrimin\u00f3 los enga\u00f1os; las manifestantes se retiraron por la noche de hoy.<\/p>\n\n\n\n<p>Como se inform\u00f3, pobladores de San Mart\u00edn Peras arribaron a la capital para exigir al Gobierno del Estado su intervenci\u00f3n, a 11 d\u00edas de la retenci\u00f3n de dos mujeres y a siete de la privaci\u00f3n ilegal de la libertad de dos polic\u00edas.<\/p>\n\n\n\n<p>Mientras que por la ma\u00f1ana, tambi\u00e9n en el exterior del Palacio de Gobierno, una familia denunci\u00f3 que una menor que se encontraba en un albergue del DIF, fue violada, por lo que pidi\u00f3 el apoyo de la autoridad estatal.<\/p>\n\n\n\n<p>Tambi\u00e9n por la ma\u00f1ana, integrantes del Consejo de Organizaciones Ambientales de Oaxaca (COAO), denunciaron contaminaci\u00f3n en diversas zonas del Istmo de Tehuantepec, generadas por el proyecto del Corredor Interoce\u00e1nico.<\/p>\n\n\n\n<p>Asimismo, lamentaron la falta de atenci\u00f3n pronta y eficaz a la problem\u00e1tica de la fuga de amoniaco en la zona norte del Istmo.<\/p>\n\n\n\n<p>En tanto que en jurisdicci\u00f3n de San Juan Guichicovi, pobladores mantienen por quinto d\u00eda un bloqueo a la v\u00eda del ferrocarril, donde cruza el proyecto del Corredor Interoce\u00e1nico, en demanda de atenci\u00f3n del gobierno federal a diversas demandas, entre ellas indemnizaci\u00f3n de tierras.<\/p>\n","protected":false},"excerpt":{"rendered":"<p>Redacci\u00f3n\/Zona Roja. Oaxaca de Ju\u00e1rez, Oax., a 12 de diciembre de 2022.- En el d\u00eda&hellip;<\/p>\n","protected":false},"author":2,"featured_media":49196,"comment_status":"closed","ping_status":"open","sticky":false,"template":"","format":"standard","meta":{"_lmt_disableupdate":"","_lmt_disable":"","_jetpack_memberships_contains_paid_content":false,"footnotes":""},"categories":[109,47],"tags":[2264],"class_list":["post-49195","post","type-post","status-publish","format-standard","has-post-thumbnail","hentry","category-minuto-a-minuto","category-zona-gris","tag-bloqueos-y-protestas-oaxaca"],"jetpack_featured_media_url":"https:\/\/zonaroja.com.mx\/wp-content\/uploads\/2022\/12\/Conflicto-Mazaltepec-Penoles-Etla-Oaxaca.jpg","jetpack_sharing_enabled":true,"_links":{"self":[{"href":"https:\/\/zonaroja.com.mx\/index.php?rest_route=\/wp\/v2\/posts\/49195","targetHints":{"allow":["GET"]}}],"collection":[{"href":"https:\/\/zonaroja.com.mx\/index.php?rest_route=\/wp\/v2\/posts"}],"about":[{"href":"https:\/\/zonaroja.com.mx\/index.php?rest_route=\/wp\/v2\/types\/post"}],"author":[{"embeddable":true,"href":"https:\/\/zonaroja.com.mx\/index.php?rest_route=\/wp\/v2\/users\/2"}],"replies":[{"embeddable":true,"href":"https:\/\/zonaroja.com.mx\/index.php?rest_route=%2Fwp%2Fv2%2Fcomments&post=49195"}],"version-history":[{"count":1,"href":"https:\/\/zonaroja.com.mx\/index.php?rest_route=\/wp\/v2\/posts\/49195\/revisions"}],"predecessor-version":[{"id":49197,"href":"https:\/\/zonaroja.com.mx\/index.php?rest_route=\/wp\/v2\/posts\/49195\/revisions\/49197"}],"wp:featuredmedia":[{"embeddable":true,"href":"https:\/\/zonaroja.com.mx\/index.php?rest_route=\/wp\/v2\/media\/49196"}],"wp:attachment":[{"href":"https:\/\/zonaroja.com.mx\/index.php?rest_route=%2Fwp%2Fv2%2Fmedia&parent=49195"}],"wp:term":[{"taxonomy":"category","embeddable":true,"href":"https:\/\/zonaroja.com.mx\/index.php?rest_route=%2Fwp%2Fv2%2Fcategories&post=49195"},{"taxonomy":"post_tag","embeddable":true,"href":"https:\/\/zonaroja.com.mx\/index.php?rest_route=%2Fwp%2Fv2%2Ftags&post=49195"}],"curies":[{"name":"wp","href":"https:\/\/api.w.org\/{rel}","templated":true}]}}