{"id":49198,"date":"2022-12-13T06:34:04","date_gmt":"2022-12-13T12:34:04","guid":{"rendered":"http:\/\/www.zonaroja.com.mx\/?p=49198"},"modified":"2022-12-13T06:34:07","modified_gmt":"2022-12-13T12:34:07","slug":"titular-del-poder-judicial-de-oaxaca-rinde-hoy-tercer-informe-de-actividades","status":"publish","type":"post","link":"https:\/\/zonaroja.com.mx\/?p=49198","title":{"rendered":"Titular del Poder Judicial de Oaxaca rinde hoy tercer informe de actividades"},"content":{"rendered":"\n<p>Redacci\u00f3n\/Zona Roja.<\/p>\n\n\n\n<p>Oaxaca de Ju\u00e1rez, Oax., a 13 de diciembre de 2022.- El presidente del Tribunal Superior de Justicia y del Consejo de la Judicatura del Poder Judicial del Estado, magistrado&nbsp;Eduardo Pinacho S\u00e1nchez, rendir\u00e1 este martes 13 de diciembre, en Sesi\u00f3n Solemne conjunta de plenos&nbsp;de estos \u00f3rganos colegiados, su&nbsp;Informe&nbsp;Anual de&nbsp;Actividades&nbsp;2022, sobre las principales acciones y logros alcanzados en la meta por consolidar en Oaxaca&nbsp;un&nbsp;sistema de justicia moderno y humanizado.<\/p>\n\n\n\n<p>En cumplimiento a lo establecido en&nbsp;el art\u00edculo&nbsp;17&nbsp;fracci\u00f3n XIII de la Ley Org\u00e1nica del Poder Judicial, el acto se efectuar\u00e1 a las 10:00 horas en el auditorio del Tribunal Superior de Justicia&nbsp;ubicado en Ciudad Judicial de Reyes Mantec\u00f3n,&nbsp;con la presencia de&nbsp;los&nbsp;representantes de los poderes Ejecutivo y Legislativo&nbsp;e invitados especiales.<\/p>\n\n\n\n<p>La Corporaci\u00f3n Oaxaque\u00f1a de Radio y Televisi\u00f3n (Cortv) transmitir\u00e1 en vivo la ceremonia en la cual se dar\u00e1 cuenta de los logros y avances en la impartici\u00f3n de justicia durante los \u00faltimos doce meses, en los que la innovaci\u00f3n, uso de las tecnolog\u00edas, dignificaci\u00f3n de espacios judiciales, transparencia, especializaci\u00f3n profesional&nbsp;y desarrollo humano han sido pilares fundamentales.&nbsp;<\/p>\n\n\n\n<p>La sociedad en general podr\u00e1 seguir este evento a trav\u00e9s de&nbsp;las redes sociales Facebook de la Cortv https:\/\/www.facebook.com\/cortv\/ y del Tribunal Superior de Justicia del Estado https:\/\/www.facebook.com\/TSJOAX; as\u00ed como&nbsp;twitter&nbsp;@cortv&nbsp;https.\/\/twitter.com\/cortv&nbsp;&nbsp; y @TSJOAXACA&nbsp;https\/\/twitter.com\/tsjoaxaca. &nbsp;<\/p>\n\n\n\n<p>Al respecto, el&nbsp;Magistrado Presidente&nbsp;se\u00f1al\u00f3&nbsp;que se informar\u00e1 del trabajo realizado, a trav\u00e9s de siete ejes estrat\u00e9gicos que son:&nbsp;Humanizaci\u00f3n de la justicia,&nbsp;Nuevos modelos de gesti\u00f3n tecnol\u00f3gicos y de sistematizaci\u00f3n,&nbsp;Dignificaci\u00f3n de sedes judiciales,&nbsp;Consolidaci\u00f3n de los medios alternos de soluci\u00f3n de conflictos,&nbsp;Gobierno abierto y transparente&nbsp;y&nbsp;Profesionalizaci\u00f3n y especializaci\u00f3n judicial.&nbsp;<\/p>\n","protected":false},"excerpt":{"rendered":"<p>Redacci\u00f3n\/Zona Roja. Oaxaca de Ju\u00e1rez, Oax., a 13 de diciembre de 2022.- El presidente del&hellip;<\/p>\n","protected":false},"author":2,"featured_media":35302,"comment_status":"closed","ping_status":"open","sticky":false,"template":"","format":"standard","meta":{"_lmt_disableupdate":"","_lmt_disable":"","_jetpack_memberships_contains_paid_content":false,"footnotes":""},"categories":[109,46],"tags":[223],"class_list":["post-49198","post","type-post","status-publish","format-standard","has-post-thumbnail","hentry","category-minuto-a-minuto","category-zona-blanca","tag-poder-judicial-de-oaxaca"],"jetpack_featured_media_url":"https:\/\/zonaroja.com.mx\/wp-content\/uploads\/2021\/12\/Magistrado-Eduardo-Pinacho-Sanchez.jpg","jetpack_sharing_enabled":true,"_links":{"self":[{"href":"https:\/\/zonaroja.com.mx\/index.php?rest_route=\/wp\/v2\/posts\/49198","targetHints":{"allow":["GET"]}}],"collection":[{"href":"https:\/\/zonaroja.com.mx\/index.php?rest_route=\/wp\/v2\/posts"}],"about":[{"href":"https:\/\/zonaroja.com.mx\/index.php?rest_route=\/wp\/v2\/types\/post"}],"author":[{"embeddable":true,"href":"https:\/\/zonaroja.com.mx\/index.php?rest_route=\/wp\/v2\/users\/2"}],"replies":[{"embeddable":true,"href":"https:\/\/zonaroja.com.mx\/index.php?rest_route=%2Fwp%2Fv2%2Fcomments&post=49198"}],"version-history":[{"count":1,"href":"https:\/\/zonaroja.com.mx\/index.php?rest_route=\/wp\/v2\/posts\/49198\/revisions"}],"predecessor-version":[{"id":49199,"href":"https:\/\/zonaroja.com.mx\/index.php?rest_route=\/wp\/v2\/posts\/49198\/revisions\/49199"}],"wp:featuredmedia":[{"embeddable":true,"href":"https:\/\/zonaroja.com.mx\/index.php?rest_route=\/wp\/v2\/media\/35302"}],"wp:attachment":[{"href":"https:\/\/zonaroja.com.mx\/index.php?rest_route=%2Fwp%2Fv2%2Fmedia&parent=49198"}],"wp:term":[{"taxonomy":"category","embeddable":true,"href":"https:\/\/zonaroja.com.mx\/index.php?rest_route=%2Fwp%2Fv2%2Fcategories&post=49198"},{"taxonomy":"post_tag","embeddable":true,"href":"https:\/\/zonaroja.com.mx\/index.php?rest_route=%2Fwp%2Fv2%2Ftags&post=49198"}],"curies":[{"name":"wp","href":"https:\/\/api.w.org\/{rel}","templated":true}]}}