{"id":49204,"date":"2022-12-13T08:25:00","date_gmt":"2022-12-13T14:25:00","guid":{"rendered":"http:\/\/www.zonaroja.com.mx\/?p=49204"},"modified":"2022-12-13T07:23:09","modified_gmt":"2022-12-13T13:23:09","slug":"anuncia-gobernador-operativo-de-seguridad-en-oaxaca-y-se-registra-balacera","status":"publish","type":"post","link":"https:\/\/zonaroja.com.mx\/?p=49204","title":{"rendered":"Anuncia gobernador operativo de seguridad en Oaxaca\u2026 y se registra balacera"},"content":{"rendered":"\n<p>Redacci\u00f3n\/Zona Roja.<\/p>\n\n\n\n<p>Oaxaca de Ju\u00e1rez, Oax., 13 de diciembre de 2022.-&nbsp;A unas horas del anuncio del gobernador Salom\u00f3n Jara Cruz del operativo de seguridad decembrino, se registr\u00f3 una balacera en la ciudad de Oaxaca, sin que haya personas detenidas.<\/p>\n\n\n\n<p>Despu\u00e9s que el mandatario diera a conocer que dos mil 541 efectivos patrullar\u00edan el estado, no hubo ning\u00fan uniformado en el centro comercial Plaza Oaxaca, donde se registraron disparos la tarde de ayer.<\/p>\n\n\n\n<p>Fue alrededor de las 18:00 horas en que se reportaron las detonaciones de arma en el sitio que concentra a cientos de trabajadores y clientes, ubicado en la agencia de Candiani de la capital, sin que hubiera detenidos.<\/p>\n\n\n\n<p>S\u00f3lo despu\u00e9s de los hechos arribaron polic\u00edas municipales y estatales para resguardar la escena, mientras personal de la Fiscal\u00eda General del Estado realiz\u00f3 las indagatorias y levantamiento de indicios, entre ellos tres casquillos percutidos calibre nueve mil\u00edmetros.<\/p>\n\n\n\n<p>EL ANUNCIO<\/p>\n\n\n\n<p>Ayer por la ma\u00f1ana, Jara Cruz anunci\u00f3 el dispositivo \u201cFiestas decembrinas 2022\u201d, que inici\u00f3 el 7 de septiembre y concluye el pr\u00f3ximo 7 de enero.<\/p>\n\n\n\n<p>Detall\u00f3 que la estrategia se realiza con estricto apego al respeto de los derechos humanos, bajo una estrecha coordinaci\u00f3n de las instituciones de los tres \u00f3rdenes de gobierno, que permitir\u00e1 contar con un estado de fuerza de dos mil 541 efectivos, 275 patrullas y 88 moto patrullas desplegadas en toda la entidad.<\/p>\n\n\n\n<p>La Polic\u00eda Estatal, en coordinaci\u00f3n con las instituciones de seguridad p\u00fablica del orden federal y municipal, implementar\u00e1n de manera conjunta acciones de prevenci\u00f3n del delito, operativas y disuasivas, mismas que son coordinadas con el Centro Estatal de Emergencias y las unidades de auxilio para combatir los \u00edndices delictivos en los espacios de mayor concurrencia, especialmente de los tres principales destinos tur\u00edsticos como la ciudad de Oaxaca, Huatulco y Puerto Escondido.<\/p>\n\n\n\n<p>\u201cDe esta manera, los recorridos y patrullajes de persuasi\u00f3n y vigilancia de las fuerzas del orden se llevar\u00e1n a cabo en lugares como mercados, centros comerciales, instituciones bancarias, centros tur\u00edsticos, recreativos, artesanales, gastron\u00f3micos y terminales de autobuses\u201d, detall\u00f3 el Gobierno del Estado en un comunicado.<\/p>\n\n\n\n<p>\u201cToda vez que durante esta \u00e9poca Oaxaca da lugar a diversas fiestas religiosas y peregrinaciones masivas, el Gobernador del Estado expres\u00f3 que este operativo tambi\u00e9n brindar\u00e1 seguridad en v\u00edas de comunicaci\u00f3n y carreteras, mediante zonas y filtros de control\u201d, expuso.<\/p>\n\n\n\n<p>En las acciones participan la Secretar\u00eda de Seguridad y Protecci\u00f3n Ciudadana, a trav\u00e9s de la Polic\u00eda Estatal, Polic\u00eda Vial Estatal; Polic\u00eda Auxiliar, Bancaria, Industrial y Comercial (PABIC), la L\u00ednea de Emergencias 911, el Heroico Cuerpo de Bomberos y Polic\u00eda Tur\u00edstica.<\/p>\n\n\n\n<p>Tambi\u00e9n se contar\u00e1 con el apoyo de la Secretar\u00eda de la Defensa Nacional (Sedena), la Secretar\u00eda de Marina (Semar), la Guardia Nacional (GN), la Fiscal\u00eda General de la Rep\u00fablica (FGR) y la Fiscal\u00eda General del Estado de Oaxaca (FGEO). A trav\u00e9s de la Secretar\u00eda de Turismo, se contar\u00e1 con el apoyo de los \u00c1ngeles Verdes, as\u00ed como de la Polic\u00eda Municipal y Protecci\u00f3n Civil.<\/p>\n","protected":false},"excerpt":{"rendered":"<p>Redacci\u00f3n\/Zona Roja. Oaxaca de Ju\u00e1rez, Oax., 13 de diciembre de 2022.-&nbsp;A unas horas del anuncio&hellip;<\/p>\n","protected":false},"author":2,"featured_media":49205,"comment_status":"closed","ping_status":"open","sticky":false,"template":"","format":"standard","meta":{"_lmt_disableupdate":"","_lmt_disable":"","_jetpack_memberships_contains_paid_content":false,"footnotes":""},"categories":[109,47],"tags":[148],"class_list":["post-49204","post","type-post","status-publish","format-standard","has-post-thumbnail","hentry","category-minuto-a-minuto","category-zona-gris","tag-oaxaca-de-juarez"],"jetpack_featured_media_url":"https:\/\/zonaroja.com.mx\/wp-content\/uploads\/2022\/12\/Balacera-Plaza-Oaxaca-capital.jpg","jetpack_sharing_enabled":true,"_links":{"self":[{"href":"https:\/\/zonaroja.com.mx\/index.php?rest_route=\/wp\/v2\/posts\/49204","targetHints":{"allow":["GET"]}}],"collection":[{"href":"https:\/\/zonaroja.com.mx\/index.php?rest_route=\/wp\/v2\/posts"}],"about":[{"href":"https:\/\/zonaroja.com.mx\/index.php?rest_route=\/wp\/v2\/types\/post"}],"author":[{"embeddable":true,"href":"https:\/\/zonaroja.com.mx\/index.php?rest_route=\/wp\/v2\/users\/2"}],"replies":[{"embeddable":true,"href":"https:\/\/zonaroja.com.mx\/index.php?rest_route=%2Fwp%2Fv2%2Fcomments&post=49204"}],"version-history":[{"count":1,"href":"https:\/\/zonaroja.com.mx\/index.php?rest_route=\/wp\/v2\/posts\/49204\/revisions"}],"predecessor-version":[{"id":49206,"href":"https:\/\/zonaroja.com.mx\/index.php?rest_route=\/wp\/v2\/posts\/49204\/revisions\/49206"}],"wp:featuredmedia":[{"embeddable":true,"href":"https:\/\/zonaroja.com.mx\/index.php?rest_route=\/wp\/v2\/media\/49205"}],"wp:attachment":[{"href":"https:\/\/zonaroja.com.mx\/index.php?rest_route=%2Fwp%2Fv2%2Fmedia&parent=49204"}],"wp:term":[{"taxonomy":"category","embeddable":true,"href":"https:\/\/zonaroja.com.mx\/index.php?rest_route=%2Fwp%2Fv2%2Fcategories&post=49204"},{"taxonomy":"post_tag","embeddable":true,"href":"https:\/\/zonaroja.com.mx\/index.php?rest_route=%2Fwp%2Fv2%2Ftags&post=49204"}],"curies":[{"name":"wp","href":"https:\/\/api.w.org\/{rel}","templated":true}]}}