{"id":4921,"date":"2019-10-18T07:01:43","date_gmt":"2019-10-18T12:01:43","guid":{"rendered":"http:\/\/www.zonaroja.com.mx\/?p=4921"},"modified":"2019-10-18T07:01:46","modified_gmt":"2019-10-18T12:01:46","slug":"somete-chapito-a-la-4t-abdica-el-estado-ante-el-narco","status":"publish","type":"post","link":"https:\/\/zonaroja.com.mx\/?p=4921","title":{"rendered":"Somete \u2018Chapito\u2019 a la 4T; abdica el Estado ante el \u201cnarco\u201d"},"content":{"rendered":"\n<p>Redacci\u00f3n\/Zona Roja Cdmx.<\/p>\n\n\n\n<p>Ciudad de M\u00e9xico, 18 de octubre de\n2019.- Elementos de la Guardia Nacional entregaron a miembros del \u201cc\u00e1rtel de\nSinaloa\u201d a Ovidio Guzm\u00e1n L\u00f3pez, uno de los hijos de Joaqu\u00edn \u201cEl Chapo\u201d Guzm\u00e1n,\nluego de haberlo detenido de manera casual en un operativo.<\/p>\n\n\n\n<p>De acuerdo con el diario \u201cReforma\u201d, la detenci\u00f3n de Ovidio en una casa del fraccionamiento Tres R\u00edos en Culiac\u00e1n, Sinaloa, desat\u00f3 una ofensiva inusitada del c\u00e1rtel, cuyos integrantes tomaron la ciudad, desataron el terror en sus calles, bloquearon carreteras, incendiaron autos y camiones, y rodearon el sitio donde estaba detenido el l\u00edder para rescatarlo.<\/p>\n\n\n\n<figure class=\"wp-block-image\"><img decoding=\"async\" width=\"750\" height=\"450\" src=\"http:\/\/www.zonaroja.com.mx\/wp-content\/uploads\/2019\/10\/Ovidio-Guzm\u00e1n-1.jpg\" alt=\"\" class=\"wp-image-4922\" srcset=\"https:\/\/zonaroja.com.mx\/wp-content\/uploads\/2019\/10\/Ovidio-Guzm\u00e1n-1.jpg 750w, https:\/\/zonaroja.com.mx\/wp-content\/uploads\/2019\/10\/Ovidio-Guzm\u00e1n-1-300x180.jpg 300w, https:\/\/zonaroja.com.mx\/wp-content\/uploads\/2019\/10\/Ovidio-Guzm\u00e1n-1-585x351.jpg 585w\" sizes=\"(max-width: 750px) 100vw, 750px\" \/><\/figure>\n\n\n\n<p>\u201cEl personal de la patrulla repeli\u00f3 la\nagresi\u00f3n y tom\u00f3 control de la vivienda, localizando en su interior a cuatro\nocupantes\u201d, uno de ellos era Ovidio, se\u00f1al\u00f3 el secretario de Seguridad\nCiudadana, Alfonso Durazo, en un video transmitido desde la cuenta de Twitter\nde la Secretar\u00eda a las 20:30 horas.<\/p>\n\n\n\n<p>Acompa\u00f1ado de los secretarios de Defensa y Marina, as\u00ed como del comandante de la Guardia Nacional y el titular del Centro Nacional de Inteligencia, Durazo dijo que estas detenciones generaron que \u201cvarios grupos\u201d de la delincuencia organizada rodearan la vivienda con una fuerza mayor a la de la patrulla. <\/p>\n\n\n\n<figure class=\"wp-block-embed-twitter wp-block-embed is-type-rich is-provider-twitter\"><div class=\"wp-block-embed__wrapper\">\n<div class=\"twitter-tweet\"><blockquote class=\"twitter-tweet\" data-lang=\"es\"><p lang=\"es\" dir=\"ltr\"><a href=\"https:\/\/twitter.com\/hashtag\/M%C3%A9xicoRojo?src=hash&amp;ref_src=twsrc%5Etfw\">#M\u00e9xicoRojo<\/a><br>\u201cPap\u00e1, por qu\u00e9 est\u00e1n tirando balazos\u201d&#8230; las angustias de ni\u00f1os y padres de familia en las horas de terror en calles y avenidas de <a href=\"https:\/\/twitter.com\/hashtag\/Culiac%C3%A1n?src=hash&amp;ref_src=twsrc%5Etfw\">#Culiac\u00e1n<\/a>, <a href=\"https:\/\/twitter.com\/hashtag\/Sinaloa?src=hash&amp;ref_src=twsrc%5Etfw\">#Sinaloa<\/a>. <a href=\"https:\/\/t.co\/bIE3yWSQTJ\">pic.twitter.com\/bIE3yWSQTJ<\/a><\/p>&mdash; Zona Roja Oaxaca (@MexRoja) <a href=\"https:\/\/twitter.com\/MexRoja\/status\/1184997151308431360?ref_src=twsrc%5Etfw\">18 de octubre de 2019<\/a><\/blockquote><\/div>\n<\/div><\/figure>\n\n\n\n<p>DOBLEGA C\u00c1RTEL AL GOBIERNO <\/p>\n\n\n\n<p>El presidente Andr\u00e9s Manuel L\u00f3pez\nObrador asegur\u00f3 que este jueves \u201cser\u00eda hist\u00f3rico\u201d por el banderazo en Santa\nLuc\u00eda. Ten\u00eda raz\u00f3n, pero no por la terminal a\u00e9rea, sino por el estruendos de\nbalas de alto calibre percutidas desde tanquetas improvisadas, camiones y\nveh\u00edculos ardiendo en las calles, ciudadanos refugi\u00e1ndose ante la amenaza de\nuna masacre y la llegada de un ej\u00e9rcito de sicarios que desataron el infierno\nen Culiac\u00e1n.<\/p>\n\n\n\n<p>El c\u00e1rtel de Sinaloa mostr\u00f3 su poder\u00edo\nante la captura \u2013y posterior liberaci\u00f3n\u2013 de Ovidio Guzm\u00e1n L\u00f3pez \u201cEl Rat\u00f3n\u201d,\nhijo de Joaqu\u00edn, \u201cEl Chapo\u201d Guzm\u00e1n. Al final, abdic\u00f3 el Estado ante el crimen\norganizado.<\/p>\n\n\n\n<p>Anoche, en dos ocasiones, incluyendo a su llegada a Oaxaca, el Presidente Andr\u00e9s Manuel L\u00f3pez Obrador evadi\u00f3 tocar el tema de la liberaci\u00f3n de Ovidio Guzm\u00e1n.<\/p>\n\n\n\n<figure class=\"wp-block-embed-twitter wp-block-embed is-type-rich is-provider-twitter\"><div class=\"wp-block-embed__wrapper\">\n<div class=\"twitter-tweet\"><blockquote class=\"twitter-tweet\" data-lang=\"es\"><p lang=\"es\" dir=\"ltr\"><a href=\"https:\/\/twitter.com\/hashtag\/M%C3%A9xicoRojo?src=hash&amp;ref_src=twsrc%5Etfw\">#M\u00e9xicoRojo<\/a><br>As\u00ed difundieron grupos delictivos la liberaci\u00f3n de Ovidio, hijo de \u201cEl Chapo\u201d Guzm\u00e1n. <br><br>El Estado mexicano habr\u00eda claudicado con el crimen organizado al liberar al joven para evitar una mayor tragedia en <a href=\"https:\/\/twitter.com\/hashtag\/Culiac%C3%A1n?src=hash&amp;ref_src=twsrc%5Etfw\">#Culiac\u00e1n<\/a>, <a href=\"https:\/\/twitter.com\/hashtag\/Sinaloa?src=hash&amp;ref_src=twsrc%5Etfw\">#Sinaloa<\/a>. <a href=\"https:\/\/t.co\/oXgQOxMUk6\">pic.twitter.com\/oXgQOxMUk6<\/a><\/p>&mdash; Zona Roja Oaxaca (@MexRoja) <a href=\"https:\/\/twitter.com\/MexRoja\/status\/1185047370100174848?ref_src=twsrc%5Etfw\">18 de octubre de 2019<\/a><\/blockquote><\/div>\n<\/div><\/figure>\n\n\n\n<p>PERFIL<\/p>\n\n\n\n<p>\u00bb Ovidio Guzm\u00e1n L\u00f3pez, \u201cEl Rat\u00f3n\u201d, es\nel hijo del matrimonio de \u201cEl Chapo\u201d Guzm\u00e1n con Griselda L\u00f3pez. Ovidio tiene\ntres hermanos, Grisell Guadalupe, Joaqu\u00edn y \u00c9dgar.<\/p>\n\n\n\n<p>\u00bb El joven de 28 a\u00f1os fue identificado\ncomo un capo del c\u00e1rtel de Sinaloa, quien perder\u00eda uno de sus principales\nbrazos tras la detenci\u00f3n de \u201cEl Chapo\u201d.<\/p>\n\n\n\n<p>\u00bb Guzm\u00e1n L\u00f3pez enfrenta cargos en EU\npor motivos como tr\u00e1fico de coca\u00edna, mariguana, y otros por metanfetaminas en\nel periodo de 2008 a 2018. Es buscado por la DEA desde febrero de este a\u00f1o.<\/p>\n","protected":false},"excerpt":{"rendered":"<p>Redacci\u00f3n\/Zona Roja Cdmx. Ciudad de M\u00e9xico, 18 de octubre de 2019.- Elementos de la Guardia&hellip;<\/p>\n","protected":false},"author":2,"featured_media":4923,"comment_status":"closed","ping_status":"open","sticky":false,"template":"","format":"standard","meta":{"_lmt_disableupdate":"","_lmt_disable":"","_jetpack_memberships_contains_paid_content":false,"footnotes":""},"categories":[109,51],"tags":[885,135],"class_list":["post-4921","post","type-post","status-publish","format-standard","has-post-thumbnail","hentry","category-minuto-a-minuto","category-zona-roja","tag-el-chapo","tag-culiacan"],"jetpack_featured_media_url":"https:\/\/zonaroja.com.mx\/wp-content\/uploads\/2019\/10\/Culiac\u00e1n.jpg","jetpack_sharing_enabled":true,"_links":{"self":[{"href":"https:\/\/zonaroja.com.mx\/index.php?rest_route=\/wp\/v2\/posts\/4921","targetHints":{"allow":["GET"]}}],"collection":[{"href":"https:\/\/zonaroja.com.mx\/index.php?rest_route=\/wp\/v2\/posts"}],"about":[{"href":"https:\/\/zonaroja.com.mx\/index.php?rest_route=\/wp\/v2\/types\/post"}],"author":[{"embeddable":true,"href":"https:\/\/zonaroja.com.mx\/index.php?rest_route=\/wp\/v2\/users\/2"}],"replies":[{"embeddable":true,"href":"https:\/\/zonaroja.com.mx\/index.php?rest_route=%2Fwp%2Fv2%2Fcomments&post=4921"}],"version-history":[{"count":1,"href":"https:\/\/zonaroja.com.mx\/index.php?rest_route=\/wp\/v2\/posts\/4921\/revisions"}],"predecessor-version":[{"id":4924,"href":"https:\/\/zonaroja.com.mx\/index.php?rest_route=\/wp\/v2\/posts\/4921\/revisions\/4924"}],"wp:featuredmedia":[{"embeddable":true,"href":"https:\/\/zonaroja.com.mx\/index.php?rest_route=\/wp\/v2\/media\/4923"}],"wp:attachment":[{"href":"https:\/\/zonaroja.com.mx\/index.php?rest_route=%2Fwp%2Fv2%2Fmedia&parent=4921"}],"wp:term":[{"taxonomy":"category","embeddable":true,"href":"https:\/\/zonaroja.com.mx\/index.php?rest_route=%2Fwp%2Fv2%2Fcategories&post=4921"},{"taxonomy":"post_tag","embeddable":true,"href":"https:\/\/zonaroja.com.mx\/index.php?rest_route=%2Fwp%2Fv2%2Ftags&post=4921"}],"curies":[{"name":"wp","href":"https:\/\/api.w.org\/{rel}","templated":true}]}}