{"id":49212,"date":"2022-12-13T09:08:00","date_gmt":"2022-12-13T15:08:00","guid":{"rendered":"http:\/\/www.zonaroja.com.mx\/?p=49212"},"modified":"2022-12-13T08:19:42","modified_gmt":"2022-12-13T14:19:42","slug":"ataque-de-policias-de-guerrero-a-normalistas-deja-dos-heridos-y-dos-desaparecidos","status":"publish","type":"post","link":"https:\/\/zonaroja.com.mx\/?p=49212","title":{"rendered":"Ataque de polic\u00edas de Guerrero a normalistas deja dos heridos y dos desaparecidos"},"content":{"rendered":"\n<p>Redacci\u00f3n\/Zona Roja Cdmx.<\/p>\n\n\n\n<p>Ciudad de M\u00e9xico, a 13 de diciembre de 2022.- Polic\u00edas estatales de Guerrero dispararon en contra de un autob\u00fas en que viajaban estudiantes normalistas de Tiripet\u00edo, Michoac\u00e1n, con saldo de dos lesionados y dos desaparecidos.<\/p>\n\n\n\n<p>La agresi\u00f3n ocurri\u00f3 la noche del domingo en el libramiento de Tixtla y Chilpancingo, cuando los normalistas regresaban de una actividad de protesta en la Ciudad de M\u00e9xico.<\/p>\n\n\n\n<p>Fueron polic\u00edas a bordo de al menos cinco patrullas que realizaron la agresi\u00f3n, denunci\u00f3 Melit\u00f3n Ortega, vocero del movimiento de lo 43 desaparecidos de Ayotzinapa, Guerrero.<\/p>\n\n\n\n<p>En respuesta, los estudiantes incendiaron una camioneta del Instituto Nacional de Estad\u00edstica y Geograf\u00eda (Inegi) y un cami\u00f3n; asimismo, dejaron otro tr\u00e1iler atravesado en el libramiento Chilpancingo-Tixtla.&nbsp;<\/p>\n\n\n\n<p>A su vez, polic\u00edas estatales informaron que dos elementos fueron heridos en dos enfrentamientos ocurridos a la salida del paraje conocido como Los T\u00faneles, rumbo a la ciudad de Tixtla.<\/p>\n\n\n\n<p>Fuentes aseguraron que en dos ocasiones los uniformados se enfrentaron a pedradas y petardos con alumnos de Tiripet\u00edo, y en un segundo zipizape con estudiantes de Ayotzinapa.&nbsp;<\/p>\n\n\n\n<p>En un comunicado, la Secretar\u00eda de Seguridad P\u00fablica estatal inform\u00f3 que el domingo casi a las 18:30 horas, \u201celementos de la Polic\u00eda Estatal aseguraron en el libramiento a Tixtla un veh\u00edculo tipo tr\u00e1iler que llevaban retenido alumnos de Ayotzinapa, mismos que tambi\u00e9n se desplazaban en una camioneta Nissan con r\u00f3tulos del Inegi y un autob\u00fas de la empresa Futura\u201d.<\/p>\n\n\n\n<p>Agreg\u00f3 que \u201cal darles alcance chocaron la camioneta contra la patrulla, asimismo los alumnos agredieron con piedras y un artefacto explosivo que explot\u00f3 en el cofre de la patrulla, y result\u00f3 herido el coordinador de la Regi\u00f3n Centro inspector general Daniel Hern\u00e1ndez Arena\u201d.<\/p>\n\n\n\n<p>Afirm\u00f3 que \u201clos escoltas de la patrulla referida hicieron disparos al aire; al llegar m\u00e1s unidades los alumnos huyeron con direcci\u00f3n al cerro y el autob\u00fas se dirigi\u00f3 a Tixtla\u201d.<\/p>\n\n\n\n<p>Al mediod\u00eda, integrantes de la Federaci\u00f3n de Estudiantes Campesinos Socialistas de M\u00e9xico (FECSM) incendiaron con petardos las instalaciones del PRD en Chilpancingo, y exigieron justicia por los asesinatos de Gabriel y Jorge Alexis.<\/p>\n\n\n\n<p>(Con informaci\u00f3n de \u201cLa Jornada\u201d)<\/p>\n","protected":false},"excerpt":{"rendered":"<p>Redacci\u00f3n\/Zona Roja Cdmx. Ciudad de M\u00e9xico, a 13 de diciembre de 2022.- Polic\u00edas estatales de&hellip;<\/p>\n","protected":false},"author":2,"featured_media":49213,"comment_status":"closed","ping_status":"open","sticky":false,"template":"","format":"standard","meta":{"_lmt_disableupdate":"","_lmt_disable":"","_jetpack_memberships_contains_paid_content":false,"footnotes":""},"categories":[109,47],"tags":[715],"class_list":["post-49212","post","type-post","status-publish","format-standard","has-post-thumbnail","hentry","category-minuto-a-minuto","category-zona-gris","tag-normalistas-ayotzinapa"],"jetpack_featured_media_url":"https:\/\/zonaroja.com.mx\/wp-content\/uploads\/2022\/12\/Ayotzinapa-Guerrero-normalistas.jpeg","jetpack_sharing_enabled":true,"_links":{"self":[{"href":"https:\/\/zonaroja.com.mx\/index.php?rest_route=\/wp\/v2\/posts\/49212","targetHints":{"allow":["GET"]}}],"collection":[{"href":"https:\/\/zonaroja.com.mx\/index.php?rest_route=\/wp\/v2\/posts"}],"about":[{"href":"https:\/\/zonaroja.com.mx\/index.php?rest_route=\/wp\/v2\/types\/post"}],"author":[{"embeddable":true,"href":"https:\/\/zonaroja.com.mx\/index.php?rest_route=\/wp\/v2\/users\/2"}],"replies":[{"embeddable":true,"href":"https:\/\/zonaroja.com.mx\/index.php?rest_route=%2Fwp%2Fv2%2Fcomments&post=49212"}],"version-history":[{"count":1,"href":"https:\/\/zonaroja.com.mx\/index.php?rest_route=\/wp\/v2\/posts\/49212\/revisions"}],"predecessor-version":[{"id":49214,"href":"https:\/\/zonaroja.com.mx\/index.php?rest_route=\/wp\/v2\/posts\/49212\/revisions\/49214"}],"wp:featuredmedia":[{"embeddable":true,"href":"https:\/\/zonaroja.com.mx\/index.php?rest_route=\/wp\/v2\/media\/49213"}],"wp:attachment":[{"href":"https:\/\/zonaroja.com.mx\/index.php?rest_route=%2Fwp%2Fv2%2Fmedia&parent=49212"}],"wp:term":[{"taxonomy":"category","embeddable":true,"href":"https:\/\/zonaroja.com.mx\/index.php?rest_route=%2Fwp%2Fv2%2Fcategories&post=49212"},{"taxonomy":"post_tag","embeddable":true,"href":"https:\/\/zonaroja.com.mx\/index.php?rest_route=%2Fwp%2Fv2%2Ftags&post=49212"}],"curies":[{"name":"wp","href":"https:\/\/api.w.org\/{rel}","templated":true}]}}