{"id":49217,"date":"2022-12-13T08:41:46","date_gmt":"2022-12-13T14:41:46","guid":{"rendered":"http:\/\/www.zonaroja.com.mx\/?p=49217"},"modified":"2022-12-13T08:41:48","modified_gmt":"2022-12-13T14:41:48","slug":"confirman-que-salomon-jara-dio-cargo-a-donato-vargas-acusado-de-violencia-digital","status":"publish","type":"post","link":"https:\/\/zonaroja.com.mx\/?p=49217","title":{"rendered":"Confirman que Salom\u00f3n Jara dio cargo a Donato Vargas, acusado de violencia digital"},"content":{"rendered":"\n<p>Ismael Garc\u00eda M.\/Zona Roja.<\/p>\n\n\n\n<p>Oaxaca de Ju\u00e1rez, Oax., a 13 de diciembre de 2022.- Mediante un oficio, la Coordinaci\u00f3n General de Atenci\u00f3n Regional confirm\u00f3 que el gobernador Salom\u00f3n Jara Cruz design\u00f3 a Donato Vargas Jim\u00e9nez como titular de esa dependencia.<\/p>\n\n\n\n<p>Ello a pesar de que el militante del Partido Morena, ha sido denunciado ante la Fiscal\u00eda General del Estado de Oaxaca por violencia digital, al presuntamente crear y alentar un chat de WhatsApp \u201cSierra XXX\u201d, en que se compartieron im\u00e1genes pornogr\u00e1ficas de mujeres de la zona Mixe del estado.<\/p>\n\n\n\n<p>\u201cEn relaci\u00f3n a los veh\u00edculos pertenecientes a la plantilla oficial de la Coordinaci\u00f3n General de Atenci\u00f3n Regional que se encuentra bajo su resguardo, por medio del presente le solicito programa su entrega para el d\u00eda de ma\u00f1ana martes 13 de diciembre del 2023 (sic)\u201d, refiere una circular del 9 de diciembre firmada por Mayra Sumano Mart\u00ednez, jefa del Departamento de Recursos Materiales de dicha instancia.<\/p>\n\n\n\n<p>\u201cLo anterior en virtud del nuevo nombramiento del Coordinador General de Atenci\u00f3n Regional, el lic. Donato Vargas Jim\u00e9nez, realizado el 05 de diciembre del 2023 (sic)\u201d, expone el documento.<\/p>\n\n\n\n<p>Ello fue exhibido por la Red Mariposas de Mujeres Mixes, que conden\u00f3 \u201clos pactos patriarcales en el actual Gobierno del Estado de Oaxaca\u201d.<\/p>\n\n\n\n<p>Record\u00f3 que el pasado 8 de diciembre en el primer programa de jueves de \u201cGozona\u201d, la periodista Paulina R\u00edos abord\u00f3 el tema e hizo una pregunta al gobernador Salom\u00f3n Jara Cruz sobre el nombramiento de Donato Vargas Jim\u00e9nez en la Coordinaci\u00f3n General de Atenci\u00f3n Regional (antes llamadas Delegaciones de Gobierno).<\/p>\n\n\n\n<p>Ah\u00ed el mandatario acept\u00f3 que s\u00ed lo hab\u00eda nombrado pero que estaba investigando si existe una denuncia penal respecto a la denuncia por promover un chat con mujeres desnudas de la zona Mixe, el a\u00f1o pasado.<\/p>\n\n\n\n<p>\u201cDisculpe se\u00f1or gobernador, pero no toleramos la mentira para seguir sosteniendo su pacto patriarcal que por siglos nos han violentado a las mujeres .<\/p>\n\n\n\n<p>Desde nuestra Red exigimos al gobernador Salom\u00f3n Jara Cruz, cumpla su palabra de investigar lo m\u00e1s pronto y de manera urgente\u00a0 retirar el nombramiento a Donato Vargas Jim\u00e9nez, violentador de mujeres; si no lo hace estar\u00eda muy lejos su palabra que est\u00e1 con las mujeres\u201d, remarcaron.<\/p>\n\n\n\n<p>https:\/\/www.facebook.com\/plugins\/post.php?href=https%3A%2F%2Fwww.facebook.com%2Fpermalink.php%3Fstory_fbid%3Dpfbid0Ci2P9gnoTXyo3VyY6gykzMQsFcbuusdKxqPbm7yyw6RAxSZp57RE8WSDGTzDfYRHl%26id%3D100064867338650&#038;show_text=true&#038;width=500<\/p>\n","protected":false},"excerpt":{"rendered":"<p>Ismael Garc\u00eda M.\/Zona Roja. Oaxaca de Ju\u00e1rez, Oax., a 13 de diciembre de 2022.- Mediante&hellip;<\/p>\n","protected":false},"author":2,"featured_media":49218,"comment_status":"closed","ping_status":"open","sticky":false,"template":"","format":"standard","meta":{"_lmt_disableupdate":"","_lmt_disable":"","_jetpack_memberships_contains_paid_content":false,"footnotes":""},"categories":[1],"tags":[],"class_list":["post-49217","post","type-post","status-publish","format-standard","has-post-thumbnail","hentry","category-sin-categoria"],"jetpack_featured_media_url":"https:\/\/zonaroja.com.mx\/wp-content\/uploads\/2022\/12\/Donato-Vargas-Jimenez.jpg","jetpack_sharing_enabled":true,"_links":{"self":[{"href":"https:\/\/zonaroja.com.mx\/index.php?rest_route=\/wp\/v2\/posts\/49217","targetHints":{"allow":["GET"]}}],"collection":[{"href":"https:\/\/zonaroja.com.mx\/index.php?rest_route=\/wp\/v2\/posts"}],"about":[{"href":"https:\/\/zonaroja.com.mx\/index.php?rest_route=\/wp\/v2\/types\/post"}],"author":[{"embeddable":true,"href":"https:\/\/zonaroja.com.mx\/index.php?rest_route=\/wp\/v2\/users\/2"}],"replies":[{"embeddable":true,"href":"https:\/\/zonaroja.com.mx\/index.php?rest_route=%2Fwp%2Fv2%2Fcomments&post=49217"}],"version-history":[{"count":1,"href":"https:\/\/zonaroja.com.mx\/index.php?rest_route=\/wp\/v2\/posts\/49217\/revisions"}],"predecessor-version":[{"id":49219,"href":"https:\/\/zonaroja.com.mx\/index.php?rest_route=\/wp\/v2\/posts\/49217\/revisions\/49219"}],"wp:featuredmedia":[{"embeddable":true,"href":"https:\/\/zonaroja.com.mx\/index.php?rest_route=\/wp\/v2\/media\/49218"}],"wp:attachment":[{"href":"https:\/\/zonaroja.com.mx\/index.php?rest_route=%2Fwp%2Fv2%2Fmedia&parent=49217"}],"wp:term":[{"taxonomy":"category","embeddable":true,"href":"https:\/\/zonaroja.com.mx\/index.php?rest_route=%2Fwp%2Fv2%2Fcategories&post=49217"},{"taxonomy":"post_tag","embeddable":true,"href":"https:\/\/zonaroja.com.mx\/index.php?rest_route=%2Fwp%2Fv2%2Ftags&post=49217"}],"curies":[{"name":"wp","href":"https:\/\/api.w.org\/{rel}","templated":true}]}}