{"id":49228,"date":"2022-12-13T16:04:00","date_gmt":"2022-12-13T22:04:00","guid":{"rendered":"http:\/\/www.zonaroja.com.mx\/?p=49228"},"modified":"2022-12-14T10:47:25","modified_gmt":"2022-12-14T16:47:25","slug":"normaliza-jara-cruz-cargos-publicos-entre-matrimonios-van-cuatro-casos-por-ahora","status":"publish","type":"post","link":"https:\/\/zonaroja.com.mx\/?p=49228","title":{"rendered":"Normaliza Jara Cruz cargos p\u00fablicos entre matrimonios; van cuatro casos, por ahora"},"content":{"rendered":"\n<p>Yuridiana Sosa\/Zona Roja.<\/p>\n\n\n\n<p>Oaxaca de Ju\u00e1rez, Oax., 13 de diciembre de 2022.- El gobierno estatal de Salom\u00f3n Jara Cruz en Oaxaca instituy\u00f3 la asignaci\u00f3n de cargos p\u00fablicos en su gabinete de matrimonios o parejas, como reconocimiento a sus trayectorias pol\u00edticas.<\/p>\n\n\n\n<p>Al paso de las primeras dos semanas se han dado a conocer de al menos cuatro casos de matrimonios que se integran como funcionarios en las distintas \u00e1reas, desde el gabinete ampliado, organismos dependientes o servidores dentro de secretar\u00edas de primer nivel.<\/p>\n\n\n\n<p>Este lunes el gobernador Salm\u00f3n Jara Cruz design\u00f3 como rectora de la Universidad Tecnol\u00f3gica de los Valles Centrales de Oaxaca (UTVCO) a Tania L\u00f3pez L\u00f3pez, esposa de Alejandro L\u00f3pez Jarqu\u00edn, a quien el pasado 4 de diciembre tom\u00f3 protesta como titular del Instituto Oaxaque\u00f1o Constructor de Infraestructura Educativa (Iocifed).<\/p>\n\n\n\n<p>El matrimonio L\u00f3pez L\u00f3pez encabez\u00f3 el gobierno municipal de Santa Cruz Xoxocotl\u00e1n por el Partido de la Revoluci\u00f3n Democr\u00e1tica (PRD) por cinco a\u00f1os (2017-2021), contemplando una reelecci\u00f3n, en las que Alejandro L\u00f3pez fue presidente municipal. Antes, diputado local.<\/p>\n\n\n\n<p>Dosis que quisieron repetir con Tania L\u00f3pez, candidata a la presidencia por Morena en 2021, pero perdi\u00f3 en dos ocasiones, en elecci\u00f3n ordinaria y extraordinaria.<\/p>\n\n\n\n<p>La f\u00f3rmula de premios a su trayectoria se repiti\u00f3 para Juanita Cruz Cruz y Pedro Silva Salazar, originarios de Huajuapan de Le\u00f3n, en la Mixteca.<\/p>\n\n\n\n<p>Juanita Cruz, ex presidenta de Huajuapan por Morena en el trienio anterior, fue nombrada para dirigir el Instituto de Planeaci\u00f3n para el Bienestar, antes Coplade.<\/p>\n\n\n\n<p>Mientras que este lunes 12 de diciembre Silva Salazar recibi\u00f3 el cargo como subsecretario de Regulaci\u00f3n y Control de Transporte de la Secretar\u00eda de Movilidad (Semovi), que dirige Claudina de Gyves Mendoza.<\/p>\n\n\n\n<p>Durante la conferencia semanal de este lunes, el gobernador Salom\u00f3n Jara defendi\u00f3 la integraci\u00f3n de la pareja a su gobierno, pues asegur\u00f3 que cada uno por su lado ha formado su trayectoria pol\u00edtica desde hace varios a\u00f1os.<\/p>\n\n\n\n<p>As\u00ed como defendi\u00f3 la imagen de Juanita Cruz, acusada de desv\u00edo de recursos en su administraci\u00f3n municipal por Morena y por lo que se congelaron las cuentas del ayuntamiento.<\/p>\n\n\n\n<p>En tanto, Pedro Silva, ex perredista, y ex funcionario en la administraci\u00f3n de Gabino Cu\u00e9 Monteagudo, cuando tambi\u00e9n fue se\u00f1alado de presuntos actos de corrupci\u00f3n durante su cargo en la Coordinaci\u00f3n del Transporte.<\/p>\n\n\n\n<p>Jara Cruz dijo que contra ella hubo \u201cuna campa\u00f1a sucia, le afect\u00f3, hizo un efecto muy grande\u201d para que no volviera a gobernar.<\/p>\n\n\n\n<p>\u201cSe revisa que los servidores se comprometan a trabajar con el gobierno y cumplir con los principios de no robar, no mentir y no traicionar a nuestro pueblo, a trabajar de tiempo completo. Es un encargo de responsabilidad que tienen\u201d, apunt\u00f3 el gobernador.<\/p>\n\n\n\n<p>A estos casos se suman el del matrimonio de Rey Maga\u00f1a Garc\u00eda y Beatriz Montoya Acevedo, originarios de Valle Nacional en la regi\u00f3n de la Cuenca.<\/p>\n\n\n\n<p>Maga\u00f1a Garc\u00eda, ex edil de Valle Nacional, fue designado para dirigir el Instituto Estatal de Educaci\u00f3n para Adultos (IEEA) y Beatriz Montoya Acevedo, ex candidata a la presidencia y ex aspirante a la diputaci\u00f3n local con cabecera en Ixtl\u00e1n, estar\u00e1 al frente de la Administraci\u00f3n del Patrimonio de la Beneficencia P\u00fablica del Estado de Oaxaca.<\/p>\n\n\n\n<p>NEPOTISMO<\/p>\n\n\n\n<p>As\u00ed como el de la directora del Sistema del Colegio de Bachilleres del Estado de Oaxaca (Cobao), Ver\u00f3nica Hern\u00e1ndez Gonz\u00e1lez, quien de manera directa trasciende que nombr\u00f3 a su esposo como asesor y a otro familiar como encargado de la comunicaci\u00f3n social de su \u00e1rea.<\/p>\n\n\n\n<p>Esta acci\u00f3n constituir\u00eda en un acto de nepotismo de acuerdo a la Ley General de Responsabilidades.<\/p>\n\n\n\n<p>El Art\u00edculo 63 Bis de la Ley General de Responsabilidades, dice: \u201cCometer\u00e1 nepotismo el servidor p\u00fablico que, vali\u00e9ndose de las atribuciones o facultades de su empleo, cargo o comisiones, directa o indirectamente, designe, nombre o intervenga para que se contrate como personal de confianza de estructura, de base, o por honorarios en el ente p\u00fablico en que ejerza sus funciones, a personas con las que se tenga lazas de parentesco por consanguinidad hasta el cuarto grado, de afinidad hasta el segundo grado, o v\u00ednculo matrimonio o concubinato\u201d.<\/p>\n\n\n\n<p>El gobernador Jara Cruz neg\u00f3 que en su gobierno se ejerza el nepotismo, y apunt\u00f3 que los cargos, sin importar el parentesco se otorgaron o se otorgan por trayectoria pol\u00edtica.<\/p>\n\n\n\n<p>&nbsp;\u201cVamos a ser muy respetuosos, pero aqu\u00ed, no va a haber en la administraci\u00f3n una persona que no tenga m\u00e9ritos pol\u00edticos, de carrera, de trabajo, y eso es lo que siempre daremos a conocer\u201d,&nbsp;justific\u00f3 este lunes en su conferencia semanal.<\/p>\n","protected":false},"excerpt":{"rendered":"<p>Yuridiana Sosa\/Zona Roja. Oaxaca de Ju\u00e1rez, Oax., 13 de diciembre de 2022.- El gobierno estatal&hellip;<\/p>\n","protected":false},"author":2,"featured_media":49233,"comment_status":"closed","ping_status":"open","sticky":false,"template":"","format":"standard","meta":{"_lmt_disableupdate":"","_lmt_disable":"","_jetpack_memberships_contains_paid_content":false,"footnotes":""},"categories":[109,47],"tags":[939],"class_list":["post-49228","post","type-post","status-publish","format-standard","has-post-thumbnail","hentry","category-minuto-a-minuto","category-zona-gris","tag-salomon-jara-cruz"],"jetpack_featured_media_url":"https:\/\/zonaroja.com.mx\/wp-content\/uploads\/2022\/12\/391f1bec-7e24-4ccc-8d97-1c2b272c3ad2.jpg","jetpack_sharing_enabled":true,"_links":{"self":[{"href":"https:\/\/zonaroja.com.mx\/index.php?rest_route=\/wp\/v2\/posts\/49228","targetHints":{"allow":["GET"]}}],"collection":[{"href":"https:\/\/zonaroja.com.mx\/index.php?rest_route=\/wp\/v2\/posts"}],"about":[{"href":"https:\/\/zonaroja.com.mx\/index.php?rest_route=\/wp\/v2\/types\/post"}],"author":[{"embeddable":true,"href":"https:\/\/zonaroja.com.mx\/index.php?rest_route=\/wp\/v2\/users\/2"}],"replies":[{"embeddable":true,"href":"https:\/\/zonaroja.com.mx\/index.php?rest_route=%2Fwp%2Fv2%2Fcomments&post=49228"}],"version-history":[{"count":1,"href":"https:\/\/zonaroja.com.mx\/index.php?rest_route=\/wp\/v2\/posts\/49228\/revisions"}],"predecessor-version":[{"id":49229,"href":"https:\/\/zonaroja.com.mx\/index.php?rest_route=\/wp\/v2\/posts\/49228\/revisions\/49229"}],"wp:featuredmedia":[{"embeddable":true,"href":"https:\/\/zonaroja.com.mx\/index.php?rest_route=\/wp\/v2\/media\/49233"}],"wp:attachment":[{"href":"https:\/\/zonaroja.com.mx\/index.php?rest_route=%2Fwp%2Fv2%2Fmedia&parent=49228"}],"wp:term":[{"taxonomy":"category","embeddable":true,"href":"https:\/\/zonaroja.com.mx\/index.php?rest_route=%2Fwp%2Fv2%2Fcategories&post=49228"},{"taxonomy":"post_tag","embeddable":true,"href":"https:\/\/zonaroja.com.mx\/index.php?rest_route=%2Fwp%2Fv2%2Ftags&post=49228"}],"curies":[{"name":"wp","href":"https:\/\/api.w.org\/{rel}","templated":true}]}}