{"id":49234,"date":"2022-12-13T21:47:00","date_gmt":"2022-12-14T03:47:00","guid":{"rendered":"http:\/\/www.zonaroja.com.mx\/?p=49234"},"modified":"2022-12-13T21:47:03","modified_gmt":"2022-12-14T03:47:03","slug":"siguen-protestas-de-triquis-desalojados-jueves-inicia-una-huelga-de-hambre","status":"publish","type":"post","link":"https:\/\/zonaroja.com.mx\/?p=49234","title":{"rendered":"Siguen protestas de triquis desalojados; jueves inicia una huelga de hambre"},"content":{"rendered":"\n<p>Redacci\u00f3n\/Zona Roja.<\/p>\n\n\n\n<p>Oaxaca de Ju\u00e1rez, Oax., a 13 de diciembre de 2022.- A 12 d\u00edas del desalojo del Palacio de Gobierno y de la primera calle de Flores Mag\u00f3n de la ciudad de Oaxaca, los ind\u00edgenas triquis contin\u00faan con sus protestas.<\/p>\n\n\n\n<p>El grupo que encabeza Reina Mart\u00ednez anunci\u00f3 que iniciar\u00e1 una huelga de hambre el jueves, a las 10:00 horas, para exigir justicia, devoluci\u00f3n de sus prendas, retorno a San Juan Copala o, en su caso, que se concrete su reubicaci\u00f3n.<\/p>\n\n\n\n<p>Adem\u00e1s, con fecha de hoy, presentaron una queja ante la Comisi\u00f3n Nacional de Derechos Humanos (CNDH) por el desalojo, en que denunciaron que tomaron parte \u201cun grupo de encapuchados con aliento alcoh\u00f3lico y drogas\u201d, que los despojaron de sus pertenencias.<\/p>\n\n\n\n<p>Le informaron asimismo del inicio de la huelga de hambre, el pr\u00f3ximo jueves, \u201cen exigencia de atenci\u00f3n y respeto a nuestros derechos universales, reparaci\u00f3n del da\u00f1o moral y resarcimiento integral\u201d.<\/p>\n\n\n\n<p>Mientras tanto, de nueva cuenta el grupo que encabeza Lorena Merino encabez\u00f3 una protesta hoy frente al Palacio de Gobierno, en que insisti\u00f3 en denunciar a funcionarios del ayuntamiento capitalino y la Secretar\u00eda de Gobierno de actuar con omisi\u00f3n.<\/p>\n\n\n\n<p>Adem\u00e1s, pidi\u00f3 la renuncia de dos funcionarios del Gobierno del Estado, Maria Flores L\u00f3pez, titular de la Defensor\u00eda de Derechos Humanos, y \u00c9dgar Gandarillas, de la Secretar\u00eda de Gobierno, \u201cque encabez\u00f3 la violenta represi\u00f3n y desalojo de los desplazados\u201d.<\/p>\n\n\n\n<p>Insisti\u00f3 en continuar sus protestas hasta lograr la reubicaci\u00f3n en otro sitio de la ciudad o en su caso retorno definitivo a San Juan Copala, Juxtlahuaca, de donde fueron desplazados hace m\u00e1s de 12 a\u00f1os.<\/p>\n\n\n\n<figure class=\"wp-block-embed is-type-rich is-provider-twitter wp-block-embed-twitter\"><div class=\"wp-block-embed__wrapper\">\n<div class=\"twitter-tweet\"><blockquote class=\"twitter-tweet\" data-lang=\"es\"><p lang=\"es\" dir=\"ltr\"><a href=\"https:\/\/twitter.com\/hashtag\/%C3%9AltimoMinuto?src=hash&amp;ref_src=twsrc%5Etfw\">#\u00daltimoMinuto<\/a> <br>Ante enga\u00f1os e incapacidad del titular de la <a href=\"https:\/\/twitter.com\/SE_GobOax?ref_src=twsrc%5Etfw\">@SE_GobOax<\/a>, <a href=\"https:\/\/twitter.com\/jesusromerooax?ref_src=twsrc%5Etfw\">@jesusromerooax<\/a>, ind\u00edgenas triquis del grupo de Lorena Merino reanudan este martes su protesta, a 12 d\u00edas del desalojo. <br>El jueves iniciar\u00e1 una huelga de hambre el grupo de Reina Mart\u00ednez. <a href=\"https:\/\/t.co\/C4S8wauGDb\">pic.twitter.com\/C4S8wauGDb<\/a><\/p>&mdash; Zona Roja Oaxaca (@ZonaRoja_Oaxaca) <a href=\"https:\/\/twitter.com\/ZonaRoja_Oaxaca\/status\/1602729792951959553?ref_src=twsrc%5Etfw\">13 de diciembre de 2022<\/a><\/blockquote><\/div>\n<\/div><\/figure>\n","protected":false},"excerpt":{"rendered":"<p>Redacci\u00f3n\/Zona Roja. Oaxaca de Ju\u00e1rez, Oax., a 13 de diciembre de 2022.- A 12 d\u00edas&hellip;<\/p>\n","protected":false},"author":2,"featured_media":49223,"comment_status":"closed","ping_status":"open","sticky":false,"template":"","format":"standard","meta":{"_lmt_disableupdate":"","_lmt_disable":"","_jetpack_memberships_contains_paid_content":false,"footnotes":""},"categories":[109,47],"tags":[2322],"class_list":["post-49234","post","type-post","status-publish","format-standard","has-post-thumbnail","hentry","category-minuto-a-minuto","category-zona-gris","tag-desplazados-triquis-copala"],"jetpack_featured_media_url":"https:\/\/zonaroja.com.mx\/wp-content\/uploads\/2022\/12\/Triquis-Lorena-Merino.jpg","jetpack_sharing_enabled":true,"_links":{"self":[{"href":"https:\/\/zonaroja.com.mx\/index.php?rest_route=\/wp\/v2\/posts\/49234","targetHints":{"allow":["GET"]}}],"collection":[{"href":"https:\/\/zonaroja.com.mx\/index.php?rest_route=\/wp\/v2\/posts"}],"about":[{"href":"https:\/\/zonaroja.com.mx\/index.php?rest_route=\/wp\/v2\/types\/post"}],"author":[{"embeddable":true,"href":"https:\/\/zonaroja.com.mx\/index.php?rest_route=\/wp\/v2\/users\/2"}],"replies":[{"embeddable":true,"href":"https:\/\/zonaroja.com.mx\/index.php?rest_route=%2Fwp%2Fv2%2Fcomments&post=49234"}],"version-history":[{"count":1,"href":"https:\/\/zonaroja.com.mx\/index.php?rest_route=\/wp\/v2\/posts\/49234\/revisions"}],"predecessor-version":[{"id":49235,"href":"https:\/\/zonaroja.com.mx\/index.php?rest_route=\/wp\/v2\/posts\/49234\/revisions\/49235"}],"wp:featuredmedia":[{"embeddable":true,"href":"https:\/\/zonaroja.com.mx\/index.php?rest_route=\/wp\/v2\/media\/49223"}],"wp:attachment":[{"href":"https:\/\/zonaroja.com.mx\/index.php?rest_route=%2Fwp%2Fv2%2Fmedia&parent=49234"}],"wp:term":[{"taxonomy":"category","embeddable":true,"href":"https:\/\/zonaroja.com.mx\/index.php?rest_route=%2Fwp%2Fv2%2Fcategories&post=49234"},{"taxonomy":"post_tag","embeddable":true,"href":"https:\/\/zonaroja.com.mx\/index.php?rest_route=%2Fwp%2Fv2%2Ftags&post=49234"}],"curies":[{"name":"wp","href":"https:\/\/api.w.org\/{rel}","templated":true}]}}