{"id":49237,"date":"2022-12-14T14:02:00","date_gmt":"2022-12-14T20:02:00","guid":{"rendered":"http:\/\/www.zonaroja.com.mx\/?p=49237"},"modified":"2022-12-14T06:32:56","modified_gmt":"2022-12-14T12:32:56","slug":"opinion-acto-anticipado-de-campana","status":"publish","type":"post","link":"https:\/\/zonaroja.com.mx\/?p=49237","title":{"rendered":"Opini\u00f3n. Acto anticipado de campa\u00f1a"},"content":{"rendered":"\n<p>Gibr\u00e1n Ram\u00edrez Reyes*<\/p>\n\n\n\n<p>Uno hace cosas con palabras, cosas que no necesariamente dice, dependiendo de la enunciaci\u00f3n y el contexto. Eso que uno hace con sus decires, los ling\u00fcistas lo conocen como performatividad.&nbsp;<\/p>\n\n\n\n<p>Hay unos decires cuya performatividad es clara: \u201clos declaro marido y mujer\u201d,&nbsp;\u201cte apuesto 500 pesos\u201d, pero hay otros cuya performatividad depende principalmente del contexto, cuya ambig\u00fcedad aumenta cuando se est\u00e1n violando normas morales.&nbsp;<\/p>\n\n\n\n<p>Si uno dice \u201csi sigues as\u00ed, te vas a morir\u201d, en cierto contexto puede estar expresando una inferencia con \u00e1nimo de advertir \u2014por ejemplo, si se lo dice uno a un diab\u00e9tico entusiasta de los pasteles\u2014; pero en cierto otro, uno puede estar amenazando \u2014por ejemplo, si se le dice a un periodista que est\u00e1 haciendo una investigaci\u00f3n sobre la corrupci\u00f3n de un magnate\u2014.&nbsp;<\/p>\n\n\n\n<p>En ambos casos, el contexto determina lo que se est\u00e1 haciendo con las palabras. Nadie enviar\u00eda una nota diciendo \u201cte amenazo: si sigues investigando el origen de mi fortuna, entonces mandar\u00e9 a alguien a matarte\u201d&nbsp;y la dejar\u00eda con nombre y firma, simplemente porque ser\u00eda est\u00fapido cuando existe el tipo penal de \u201camenazas\u201d.&nbsp;<\/p>\n\n\n\n<p>Se tiene que analizar el contexto para ver si, en efecto, se anunci\u00f3 a alguien \u201cun mal en su persona, bienes, honor o derechos\u201d para que actuara o se abstuviera de actuar de cierto modo.&nbsp;<\/p>\n\n\n\n<p>Dicho lo anterior, \u00bfLa campa\u00f1a de bardas que dice \u201cPara que siga la Transformaci\u00f3n #Es Claudia\u201d es una serie de actos anticipados de campa\u00f1a? La ley dice que acto anticipado de campa\u00f1a es un \u201cacto de expresi\u00f3n\u201d, \u201cen cualquier momento fuera de la etapa de campa\u00f1as\u201d que \u201cllame al voto\u201d o \u201csolicite apoyo para contender en el proceso electoral por alguna candidatura\u201d. Vayamos al contexto.&nbsp;<\/p>\n\n\n\n<p>Primero, \u201ctransformaci\u00f3n\u201d&nbsp;es una abreviatura del concepto \u201cCuarta Transformaci\u00f3n de la vida p\u00fablica de M\u00e9xico\u201d, el eslogan con el que AMLO nombra al ejercicio de gobierno que \u00e9l y su grupo encabezan.&nbsp;<\/p>\n\n\n\n<p>\u201cPara que siga\u201d, es entonces una proposici\u00f3n de que el ejercicio de gobierno agrupado bajo ese concepto contin\u00fae. \u00bfTodos de acuerdo? En M\u00e9xico, pa\u00eds donde las bardas est\u00e1n, los gobiernos tienen una vigencia de cerca de seis a\u00f1os.&nbsp;<\/p>\n\n\n\n<p>Se renuevan por procesos electorales y nadie ha puesto en duda que as\u00ed ser\u00e1 en el siguiente. En ese contexto se inserta el signo numeral incorporando la frase \u201cEsClaudia\u201d.&nbsp;<\/p>\n\n\n\n<p>Las pintas publicitarias en bardas son un dispositivo dirigido al p\u00fablico en general, en este caso el p\u00fablico interesado en \u201cque siga la Transformaci\u00f3n\u201d.&nbsp;<\/p>\n\n\n\n<p>Con un breve an\u00e1lisis de contexto, de buena fe, las bardas dicen a los transe\u00fantes interesados y capaces de participar electoralmente, que: Para que (mediante elecciones democr\u00e1ticas, que suceden cada seis a\u00f1os y acaecer\u00e1n la pr\u00f3xima vez el 2 de junio de 2024) siga (encabezando la presidencia y el gobierno el grupo pol\u00edtico del presidente L\u00f3pez Obrador, quien ha enunciado su identidad pol\u00edtica como) la (cuarta) transformaci\u00f3n (de la vida p\u00fablica de M\u00e9xico, la persona indicada para presentarse como candidata a suceder a AMLO) #EsClaudia (Sheinbaum Pardo, quien ha sido mencionada decenas de veces por L\u00f3pez Obrador como su posible sucesora).&nbsp;<\/p>\n\n\n\n<p>\u00bfEs eso una solicitud de apoyo para contender en el proceso electoral por alguna candidatura sucedida en cualquier momento fuera de la etapa de campa\u00f1as? S\u00f3lo ofrezco contexto, pero yo qu\u00e9 voy a saber. Ni siquiera soy ling\u00fcista. Ojal\u00e1 tuvi\u00e9ramos m\u00e1s ling\u00fcistas en la conversaci\u00f3n p\u00fablica mexicana. Ser\u00eda de enorme ayuda.&nbsp;<\/p>\n\n\n\n<p>*Doctor en ciencia pol\u00edtica por la UNAM.<\/p>\n\n\n\n<p>@gibranrr&nbsp;<\/p>\n","protected":false},"excerpt":{"rendered":"<p>Gibr\u00e1n Ram\u00edrez Reyes* Uno hace cosas con palabras, cosas que no necesariamente dice, dependiendo de&hellip;<\/p>\n","protected":false},"author":2,"featured_media":41734,"comment_status":"closed","ping_status":"open","sticky":false,"template":"","format":"standard","meta":{"_lmt_disableupdate":"","_lmt_disable":"","_jetpack_memberships_contains_paid_content":false,"footnotes":""},"categories":[456,109],"tags":[2489],"class_list":["post-49237","post","type-post","status-publish","format-standard","has-post-thumbnail","hentry","category-columna","category-minuto-a-minuto","tag-gibran-ramirez-reyes"],"jetpack_featured_media_url":"https:\/\/zonaroja.com.mx\/wp-content\/uploads\/2022\/05\/Opinion-Gibran-Ramirez-Reyes.jpg","jetpack_sharing_enabled":true,"_links":{"self":[{"href":"https:\/\/zonaroja.com.mx\/index.php?rest_route=\/wp\/v2\/posts\/49237","targetHints":{"allow":["GET"]}}],"collection":[{"href":"https:\/\/zonaroja.com.mx\/index.php?rest_route=\/wp\/v2\/posts"}],"about":[{"href":"https:\/\/zonaroja.com.mx\/index.php?rest_route=\/wp\/v2\/types\/post"}],"author":[{"embeddable":true,"href":"https:\/\/zonaroja.com.mx\/index.php?rest_route=\/wp\/v2\/users\/2"}],"replies":[{"embeddable":true,"href":"https:\/\/zonaroja.com.mx\/index.php?rest_route=%2Fwp%2Fv2%2Fcomments&post=49237"}],"version-history":[{"count":1,"href":"https:\/\/zonaroja.com.mx\/index.php?rest_route=\/wp\/v2\/posts\/49237\/revisions"}],"predecessor-version":[{"id":49238,"href":"https:\/\/zonaroja.com.mx\/index.php?rest_route=\/wp\/v2\/posts\/49237\/revisions\/49238"}],"wp:featuredmedia":[{"embeddable":true,"href":"https:\/\/zonaroja.com.mx\/index.php?rest_route=\/wp\/v2\/media\/41734"}],"wp:attachment":[{"href":"https:\/\/zonaroja.com.mx\/index.php?rest_route=%2Fwp%2Fv2%2Fmedia&parent=49237"}],"wp:term":[{"taxonomy":"category","embeddable":true,"href":"https:\/\/zonaroja.com.mx\/index.php?rest_route=%2Fwp%2Fv2%2Fcategories&post=49237"},{"taxonomy":"post_tag","embeddable":true,"href":"https:\/\/zonaroja.com.mx\/index.php?rest_route=%2Fwp%2Fv2%2Ftags&post=49237"}],"curies":[{"name":"wp","href":"https:\/\/api.w.org\/{rel}","templated":true}]}}