{"id":49239,"date":"2022-12-14T06:47:40","date_gmt":"2022-12-14T12:47:40","guid":{"rendered":"http:\/\/www.zonaroja.com.mx\/?p=49239"},"modified":"2022-12-14T07:27:24","modified_gmt":"2022-12-14T13:27:24","slug":"cinco-dias-despues-pemex-cierra-ducto-de-fuga-de-amoniaco-en-el-istmo","status":"publish","type":"post","link":"https:\/\/zonaroja.com.mx\/?p=49239","title":{"rendered":"Cinco d\u00edas despu\u00e9s, Pemex cierra ducto de fuga de amoniaco en el Istmo"},"content":{"rendered":"\n<p>Redacci\u00f3n\/Zona Roja.<\/p>\n\n\n\n<p>Oaxaca de Ju\u00e1rez, Oax., a 14 de diciembre de 2022.- Cinco d\u00edas despu\u00e9s de la fuga de amoniaco en la zona norte del Istmo de Tehuantepec, Petr\u00f3leos Mexicanos inform\u00f3 que fue sellado el ducto.<\/p>\n\n\n\n<p>En un comunicado que dio a conocer al ayuntamiento de Mat\u00edas Romero, el titular de la Oficina para la Gesti\u00f3n de Licencia Social Operativa, con sede en Salina Cruz, Francisco Javier Garc\u00eda, inform\u00f3 adem\u00e1s que cerr\u00f3 las v\u00e1lvulas de transporte del gas, con lo cual ya no hay riesgo para la poblaci\u00f3n.<\/p>\n\n\n\n<p>Fue la noche del pasado viernes en que los vecinos de la agencia de Donaj\u00ed detectaron la fuga del elemento, por lo cual dieron aviso a las autoridades; pero hasta la madrugada del s\u00e1bado 10 de diciembre inici\u00f3 la evacuaci\u00f3n de la comunidad.<\/p>\n\n\n\n<p>No obstante, el amoniaco se continuaba extendiendo por lo cual abarc\u00f3 tambi\u00e9n la comunidad de Tolosita, Juno y Jos\u00e9 Mar\u00eda Morelos, esta \u00faltima del municipio de San Juan Guichicovi.<\/p>\n\n\n\n<p>\u201cPetr\u00f3leos Mexicanos (Pemex) desde el primer d\u00eda, se implementaron acciones oportunas para disminuir el riesgo en la zona, coadyuvando con las autoridades municipales y protecci\u00f3n civil para garantizar la seguridad de la poblaci\u00f3n aleda\u00f1a a esta.<\/p>\n\n\n\n<p>\u201cActualmente, nuestros trabajadores est\u00e1n realizando su mayor esfuerzo para que las actividades se lleven a cabo de forma segura bajos los protocolos establecidos. Pemex Log\u00edstica informo que hoy queda eliminada la fuga en su totalidad.&nbsp;<\/p>\n\n\n\n<p>\u201cEs importante se\u00f1alar que el ducto de amon\u00edaco ya no cuenta con producto, por lo que el nivel de riesgo es bajo y no pone en riesgo a la poblaci\u00f3n aleda\u00f1a\u201d, detall\u00f3 Francisco Javier Garc\u00eda, funcionario de Pemex.<\/p>\n\n\n\n<p>No obstante, hasta el momento ni esa instancia federal ni el Gobierno del Estado no han informado las acciones que har\u00e1n para resarcir los da\u00f1os ambientales, as\u00ed como el n\u00famero de personas que fueron retiradas de sus hogares, muchas de las cuales se refugiaron en Mat\u00edas Romero y en Palomares.<\/p>\n\n\n\n<p>Ayer, en un comunicado de prensa tras la reuni\u00f3n de consejo de la Coordinaci\u00f3n Estatal de Protecci\u00f3n Civil, el gobierno estatal reconoci\u00f3 que s\u00f3lo Dojan\u00ed fue la comunidad afectada.<\/p>\n\n\n\n<p>Detall\u00f3 que, en coordinaci\u00f3n con las autoridades municipales y federales, as\u00ed como de las fuerzas armadas y los Servicios de Salud de Oaxaca (SSO), se activaron los refugios temporales para salvaguardar la integridad de los pobladores, y se brind\u00f3 atenci\u00f3n permanente.<\/p>\n\n\n\n<p>Se\u00f1al\u00f3 que permanece la invitaci\u00f3n a la poblaci\u00f3n a seguir las recomendaciones de Protecci\u00f3n Civil, y permanecer en los albergues hasta que las instancias correspondientes concluyan con los trabajos de reparaci\u00f3n de los ductos y sea seguro regresar a sus hogares.<\/p>\n\n\n\n<figure class=\"wp-block-image size-full\"><a href=\"http:\/\/www.zonaroja.com.mx\/wp-content\/uploads\/2022\/12\/Damnificados-amoniaco-Matias-Romero.jpeg\" data-rel=\"penci-gallery-image-content\" ><img decoding=\"async\" width=\"900\" height=\"576\" src=\"http:\/\/www.zonaroja.com.mx\/wp-content\/uploads\/2022\/12\/Damnificados-amoniaco-Matias-Romero.jpeg\" alt=\"\" class=\"wp-image-49225\" srcset=\"https:\/\/zonaroja.com.mx\/wp-content\/uploads\/2022\/12\/Damnificados-amoniaco-Matias-Romero.jpeg 900w, https:\/\/zonaroja.com.mx\/wp-content\/uploads\/2022\/12\/Damnificados-amoniaco-Matias-Romero-300x192.jpeg 300w, https:\/\/zonaroja.com.mx\/wp-content\/uploads\/2022\/12\/Damnificados-amoniaco-Matias-Romero-768x492.jpeg 768w, https:\/\/zonaroja.com.mx\/wp-content\/uploads\/2022\/12\/Damnificados-amoniaco-Matias-Romero-585x374.jpeg 585w\" sizes=\"(max-width: 900px) 100vw, 900px\" \/><\/a><\/figure>\n","protected":false},"excerpt":{"rendered":"<p>Redacci\u00f3n\/Zona Roja. Oaxaca de Ju\u00e1rez, Oax., a 14 de diciembre de 2022.- Cinco d\u00edas despu\u00e9s&hellip;<\/p>\n","protected":false},"author":2,"featured_media":49242,"comment_status":"closed","ping_status":"open","sticky":false,"template":"","format":"standard","meta":{"_lmt_disableupdate":"","_lmt_disable":"","_jetpack_memberships_contains_paid_content":false,"footnotes":""},"categories":[109,47],"tags":[228],"class_list":["post-49239","post","type-post","status-publish","format-standard","has-post-thumbnail","hentry","category-minuto-a-minuto","category-zona-gris","tag-matias-romero-avendano"],"jetpack_featured_media_url":"https:\/\/zonaroja.com.mx\/wp-content\/uploads\/2022\/12\/Fuga-amoniaco-Pemex-Donaji-Matias-Romero.jpg","jetpack_sharing_enabled":true,"_links":{"self":[{"href":"https:\/\/zonaroja.com.mx\/index.php?rest_route=\/wp\/v2\/posts\/49239","targetHints":{"allow":["GET"]}}],"collection":[{"href":"https:\/\/zonaroja.com.mx\/index.php?rest_route=\/wp\/v2\/posts"}],"about":[{"href":"https:\/\/zonaroja.com.mx\/index.php?rest_route=\/wp\/v2\/types\/post"}],"author":[{"embeddable":true,"href":"https:\/\/zonaroja.com.mx\/index.php?rest_route=\/wp\/v2\/users\/2"}],"replies":[{"embeddable":true,"href":"https:\/\/zonaroja.com.mx\/index.php?rest_route=%2Fwp%2Fv2%2Fcomments&post=49239"}],"version-history":[{"count":2,"href":"https:\/\/zonaroja.com.mx\/index.php?rest_route=\/wp\/v2\/posts\/49239\/revisions"}],"predecessor-version":[{"id":49243,"href":"https:\/\/zonaroja.com.mx\/index.php?rest_route=\/wp\/v2\/posts\/49239\/revisions\/49243"}],"wp:featuredmedia":[{"embeddable":true,"href":"https:\/\/zonaroja.com.mx\/index.php?rest_route=\/wp\/v2\/media\/49242"}],"wp:attachment":[{"href":"https:\/\/zonaroja.com.mx\/index.php?rest_route=%2Fwp%2Fv2%2Fmedia&parent=49239"}],"wp:term":[{"taxonomy":"category","embeddable":true,"href":"https:\/\/zonaroja.com.mx\/index.php?rest_route=%2Fwp%2Fv2%2Fcategories&post=49239"},{"taxonomy":"post_tag","embeddable":true,"href":"https:\/\/zonaroja.com.mx\/index.php?rest_route=%2Fwp%2Fv2%2Ftags&post=49239"}],"curies":[{"name":"wp","href":"https:\/\/api.w.org\/{rel}","templated":true}]}}