{"id":49247,"date":"2022-12-14T11:07:00","date_gmt":"2022-12-14T17:07:00","guid":{"rendered":"http:\/\/www.zonaroja.com.mx\/?p=49247"},"modified":"2022-12-14T08:08:19","modified_gmt":"2022-12-14T14:08:19","slug":"por-primera-vez-santa-lucia-del-camino-cuenta-con-su-propio-centro-de-comando-y-control","status":"publish","type":"post","link":"https:\/\/zonaroja.com.mx\/?p=49247","title":{"rendered":"Por primera vez, Santa Luc\u00eda del Camino cuenta con su propio Centro de Comando y Control"},"content":{"rendered":"\n<p>Redacci\u00f3n\/Zona Roja.<\/p>\n\n\n\n<p>Oaxaca de Ju\u00e1rez, Oax., a 14 de diciembre de 2022.- Comprometido con darle a la ciudadan\u00eda la seguridad que tanto demandaba, el presidente municipal de Santa Luc\u00eda del Camino, Juan Carlos Garc\u00eda M\u00e1rquez, inaugur\u00f3 el Centro de Comando y Control (C2).<\/p>\n\n\n\n<p>Acompa\u00f1ado por el Gobernador del Estado, Salom\u00f3n Jara Cruz, el edil dio el arranque a la primera etapa de este C2, el cual contar\u00e1 con un sistema de videovigilancia con 90 c\u00e1maras, 8 LPR y 150 del C4; para un total de 248, adem\u00e1s de estar coordinado con el n\u00famero de emergencias 911.<\/p>\n\n\n\n<p>Igualmente, est\u00e1 interconectado al Centro de Control, Comando y Comunicaciones (C4), lo que permitir\u00e1 acciones m\u00e1s r\u00e1pidas para inhibir la comisi\u00f3n de delitos en Santa Luc\u00eda del Camino.<\/p>\n\n\n\n<p>Asimismo, estuvieron presentes en el acto de inauguraci\u00f3n la titular del Secretariado Ejecutivo del Sistema Estatal de Seguridad P\u00fablica, Karina Bar\u00f3n Ortiz, y el director de la polic\u00eda municipal de Santa Luc\u00eda del Camino, Marcos Fredy Hern\u00e1ndez L\u00f3pez.<\/p>\n\n\n\n<p>Este Centro de Comando y Control, cuenta con un moderno sistema de videovigilancia con m\u00e1s de 90 c\u00e1maras propias, colocadas estrat\u00e9gicamente en puntos de alta incidencia delictiva, y tambi\u00e9n cuenta con un espejo del Centro Estatal de Emergencias, logrando la visualizaci\u00f3n de m\u00e1s de 150 c\u00e1maras de videovigilancia.<\/p>\n\n\n\n<p>En este sentido, el gobernador Salom\u00f3n Jara Cruz, destac\u00f3 el trabajo realizado por el presidente municipal Juan Carlos Garc\u00eda M\u00e1rquez para brindar la seguridad que tanto demandaba la ciudadan\u00eda, as\u00ed como el manejo responsable y transparente de los recursos para as\u00ed darles un C2 moderno y \u00fatil.<\/p>\n\n\n\n<p>Cabe se\u00f1alar que, durante su Primer Informe de Actividades, el edil Juan Carlos Garc\u00eda M\u00e1rquez se\u00f1al\u00f3 que el dinero destinado en seguridad p\u00fablica, siempre hab\u00eda llegado a Santa Luc\u00eda del Camino a trav\u00e9s del fondo 4, solo que no se invert\u00eda en lo que realmente se deb\u00eda.<\/p>\n\n\n\n<p>Es por ello, que gracias a una inversi\u00f3n hist\u00f3rica y sin precedentes, hoy Santa Luc\u00eda del Camino cuenta con un moderno Centro de Comando y Control, que reforzar\u00e1 el trabajo diario que realizan las y los elementos de seguridad municipal para que tengan bienestar.<\/p>\n\n\n\n<figure class=\"wp-block-embed is-type-rich is-provider-twitter wp-block-embed-twitter\"><div class=\"wp-block-embed__wrapper\">\n<div class=\"twitter-tweet\"><blockquote class=\"twitter-tweet\" data-lang=\"es\"><p lang=\"es\" dir=\"ltr\">En el marco de su primer informe y con la presencia del gobernador <a href=\"https:\/\/twitter.com\/salomonj?ref_src=twsrc%5Etfw\">@salomonj<\/a>, el presidente municipal de Santa Luc\u00eda del Camino, <a href=\"https:\/\/twitter.com\/JC_GMarquez?ref_src=twsrc%5Etfw\">@JC_GMarquez<\/a>, inaugur\u00f3 un centro de videovigilancia, a fin de fortalecer la seguridad en el municipio. <a href=\"https:\/\/t.co\/28K8CiJJ5F\">pic.twitter.com\/28K8CiJJ5F<\/a><\/p>&mdash; Zona Roja Oaxaca (@ZonaRoja_Oaxaca) <a href=\"https:\/\/twitter.com\/ZonaRoja_Oaxaca\/status\/1602828815784370176?ref_src=twsrc%5Etfw\">14 de diciembre de 2022<\/a><\/blockquote><\/div>\n<\/div><\/figure>\n","protected":false},"excerpt":{"rendered":"<p>Redacci\u00f3n\/Zona Roja. Oaxaca de Ju\u00e1rez, Oax., a 14 de diciembre de 2022.- Comprometido con darle&hellip;<\/p>\n","protected":false},"author":2,"featured_media":49248,"comment_status":"closed","ping_status":"open","sticky":false,"template":"","format":"standard","meta":{"_lmt_disableupdate":"","_lmt_disable":"","_jetpack_memberships_contains_paid_content":false,"footnotes":""},"categories":[109,46],"tags":[2533,337],"class_list":["post-49247","post","type-post","status-publish","format-standard","has-post-thumbnail","hentry","category-minuto-a-minuto","category-zona-blanca","tag-juan-carlos-garcia-marquez","tag-santa-lucia-del-camino"],"jetpack_featured_media_url":"https:\/\/zonaroja.com.mx\/wp-content\/uploads\/2022\/12\/Inauguracion-C2-Santa-Lucia-del-Camino.jpg","jetpack_sharing_enabled":true,"_links":{"self":[{"href":"https:\/\/zonaroja.com.mx\/index.php?rest_route=\/wp\/v2\/posts\/49247","targetHints":{"allow":["GET"]}}],"collection":[{"href":"https:\/\/zonaroja.com.mx\/index.php?rest_route=\/wp\/v2\/posts"}],"about":[{"href":"https:\/\/zonaroja.com.mx\/index.php?rest_route=\/wp\/v2\/types\/post"}],"author":[{"embeddable":true,"href":"https:\/\/zonaroja.com.mx\/index.php?rest_route=\/wp\/v2\/users\/2"}],"replies":[{"embeddable":true,"href":"https:\/\/zonaroja.com.mx\/index.php?rest_route=%2Fwp%2Fv2%2Fcomments&post=49247"}],"version-history":[{"count":1,"href":"https:\/\/zonaroja.com.mx\/index.php?rest_route=\/wp\/v2\/posts\/49247\/revisions"}],"predecessor-version":[{"id":49249,"href":"https:\/\/zonaroja.com.mx\/index.php?rest_route=\/wp\/v2\/posts\/49247\/revisions\/49249"}],"wp:featuredmedia":[{"embeddable":true,"href":"https:\/\/zonaroja.com.mx\/index.php?rest_route=\/wp\/v2\/media\/49248"}],"wp:attachment":[{"href":"https:\/\/zonaroja.com.mx\/index.php?rest_route=%2Fwp%2Fv2%2Fmedia&parent=49247"}],"wp:term":[{"taxonomy":"category","embeddable":true,"href":"https:\/\/zonaroja.com.mx\/index.php?rest_route=%2Fwp%2Fv2%2Fcategories&post=49247"},{"taxonomy":"post_tag","embeddable":true,"href":"https:\/\/zonaroja.com.mx\/index.php?rest_route=%2Fwp%2Fv2%2Ftags&post=49247"}],"curies":[{"name":"wp","href":"https:\/\/api.w.org\/{rel}","templated":true}]}}