{"id":4925,"date":"2019-10-18T09:12:24","date_gmt":"2019-10-18T14:12:24","guid":{"rendered":"http:\/\/www.zonaroja.com.mx\/?p=4925"},"modified":"2019-10-18T09:12:27","modified_gmt":"2019-10-18T14:12:27","slug":"autorizo-amlo-liberacion-de-hijo-de-el-chapo-conservadores-los-criticos","status":"publish","type":"post","link":"https:\/\/zonaroja.com.mx\/?p=4925","title":{"rendered":"Autoriz\u00f3 AMLO liberaci\u00f3n de hijo de \u201cEl Chapo\u201d; \u201cconservadores, los cr\u00edticos\u201d"},"content":{"rendered":"\n<p>Redacci\u00f3n\/Zona Roja.<\/p>\n\n\n\n<p>Oaxaca de Ju\u00e1rez, Oax., 18 de octubre\nde 2019.- El Presidente de M\u00e9xico, Andr\u00e9s Manuel L\u00f3pez Obrador, reconoci\u00f3 que\naval\u00f3 que se liberara a Ovidio Guzm\u00e1n, hijo de \u201cEl Chapo\u201d Guzm\u00e1n, para evitar\nuna masacre en contra del pueblo.<\/p>\n\n\n\n<p>En conferencia de prensa en la Base\nA\u00e9rea Militar n\u00famero 15 ubicada en San Juan Bautista La Raya, agencia de Santa\nCruz Xoxocotl\u00e1n, Oaxaca, calific\u00f3 como \u201cconservadores\u201d a quienes critican el\nque el Estado haya abdicado al crimen organizado.<\/p>\n\n\n\n<p>Respecto a los hechos sucedidos ayer en la tarde en Culiac\u00e1n, Sinaloa, se libr\u00f3 a Ovidio \u201cporque se torn\u00f3 muy dif\u00edcil la situaci\u00f3n y estaban en riesgo muchos ciudadanos, muchas personas, muchos seres humanos, y porque no puede valer m\u00e1s la captura de un delincuente, que las vidas de las personas\u201d, dijo.<\/p>\n\n\n\n<figure class=\"wp-block-embed-twitter wp-block-embed is-type-rich is-provider-twitter\"><div class=\"wp-block-embed__wrapper\">\n<div class=\"twitter-tweet\"><blockquote class=\"twitter-tweet\" data-lang=\"es\"><p lang=\"es\" dir=\"ltr\"><a href=\"https:\/\/twitter.com\/hashtag\/M%C3%A9xicoRojo?src=hash&amp;ref_src=twsrc%5Etfw\">#M\u00e9xicoRojo<\/a><a href=\"https:\/\/twitter.com\/hashtag\/Culiac%C3%A1n?src=hash&amp;ref_src=twsrc%5Etfw\">#Culiac\u00e1n<\/a><a href=\"https:\/\/twitter.com\/hashtag\/Sinaloa?src=hash&amp;ref_src=twsrc%5Etfw\">#Sinaloa<\/a> <br>Culpa el Presidente <a href=\"https:\/\/twitter.com\/lopezobrador_?ref_src=twsrc%5Etfw\">@lopezobrador_<\/a> obrador a \u201clos conservadores\u201d de criticar la debilidad del Estado mexicano al liberar a Ovidio Guzm\u00e1n; la decisi\u00f3n la tom\u00f3 el gabinete de seguridad y la respaldo, insiste desde Oaxaca. <a href=\"https:\/\/t.co\/IO49kyrUvw\">pic.twitter.com\/IO49kyrUvw<\/a><\/p>&mdash; Zona Roja Oaxaca (@MexRoja) <a href=\"https:\/\/twitter.com\/MexRoja\/status\/1185176946876899328?ref_src=twsrc%5Etfw\">18 de octubre de 2019<\/a><\/blockquote><\/div>\n<\/div><\/figure>\n\n\n\n<p>Expuso que el gabinete de seguridad\ninformar\u00e1 &#8211;como lo hace esta ma\u00f1ana&#8211; ampliamente sobre los hechos violentos\nocurridos en aquella ciudad, a ra\u00edz de la detenci\u00f3n y posterior liberaci\u00f3n del\nhijo de Joaqu\u00edn \u201cEl Chapo\u201d Guzm\u00e1n Loera, Ovidio Guzman L\u00f3pez.<\/p>\n\n\n\n<p>\u201cTienen la instrucci\u00f3n de informar\nampliamente, de no ocultar absolutamente nada, de decir la verdadera para que\ntodos los mexicanos tengan la informaci\u00f3n de lo que sucedi\u00f3 en Culiac\u00e1n\u201d, manifest\u00f3.<\/p>\n\n\n\n<p>Insisti\u00f3 en que su estrategia de seguridad\n\u201cva muy bien\u201d y critic\u00f3 a los peri\u00f3dicos \u201cMilenio\u201d y \u201cReforma\u201d por se\u00f1alar sus\nerrores, aunque despu\u00e9s se disculp\u00f3 con los reporteros de esas casas\neditoriales.<\/p>\n\n\n\n<p>Tras la conferencia, L\u00f3pez Obrador parti\u00f3 hacia la Heroica Ciudad de Tlaxiaco, donde visitar\u00e1 un hospital rural del IMSS y posteriormente se traslada a Putla Villa de Guerrero, para sostener encuentros con grupos ind\u00edgenas.<\/p>\n\n\n\n<figure class=\"wp-block-embed-twitter wp-block-embed is-type-rich is-provider-twitter\"><div class=\"wp-block-embed__wrapper\">\n<div class=\"twitter-tweet\"><blockquote class=\"twitter-tweet\" data-lang=\"es\"><p lang=\"es\" dir=\"ltr\"><a href=\"https:\/\/twitter.com\/hashtag\/M%C3%A9xicoRojo?src=hash&amp;ref_src=twsrc%5Etfw\">#M\u00e9xicoRojo<\/a><br>En conferencia de prensa en Oaxaca, el Presidente <a href=\"https:\/\/twitter.com\/lopezobrador_?ref_src=twsrc%5Etfw\">@lopezobrador_<\/a> excus\u00f3 que se tuvo que liberar a Ovidio Guzm\u00e1n, hijo de \u201cEl Chapo\u201d, para no poner en riesgo a la poblaci\u00f3n ante los ataques del crimen organizado. <a href=\"https:\/\/t.co\/M3X1zW9Zgl\">pic.twitter.com\/M3X1zW9Zgl<\/a><\/p>&mdash; Zona Roja Oaxaca (@MexRoja) <a href=\"https:\/\/twitter.com\/MexRoja\/status\/1185173270955380737?ref_src=twsrc%5Etfw\">18 de octubre de 2019<\/a><\/blockquote><\/div>\n<\/div><\/figure>\n","protected":false},"excerpt":{"rendered":"<p>Redacci\u00f3n\/Zona Roja. Oaxaca de Ju\u00e1rez, Oax., 18 de octubre de 2019.- El Presidente de M\u00e9xico,&hellip;<\/p>\n","protected":false},"author":2,"featured_media":4926,"comment_status":"closed","ping_status":"open","sticky":false,"template":"","format":"standard","meta":{"_lmt_disableupdate":"","_lmt_disable":"","_jetpack_memberships_contains_paid_content":false,"footnotes":""},"categories":[109,51],"tags":[143,884],"class_list":["post-4925","post","type-post","status-publish","format-standard","has-post-thumbnail","hentry","category-minuto-a-minuto","category-zona-roja","tag-andres-manuel-lopez-obrador","tag-ovidio-guzman"],"jetpack_featured_media_url":"https:\/\/zonaroja.com.mx\/wp-content\/uploads\/2019\/10\/Image-1-29-1.png","jetpack_sharing_enabled":true,"_links":{"self":[{"href":"https:\/\/zonaroja.com.mx\/index.php?rest_route=\/wp\/v2\/posts\/4925","targetHints":{"allow":["GET"]}}],"collection":[{"href":"https:\/\/zonaroja.com.mx\/index.php?rest_route=\/wp\/v2\/posts"}],"about":[{"href":"https:\/\/zonaroja.com.mx\/index.php?rest_route=\/wp\/v2\/types\/post"}],"author":[{"embeddable":true,"href":"https:\/\/zonaroja.com.mx\/index.php?rest_route=\/wp\/v2\/users\/2"}],"replies":[{"embeddable":true,"href":"https:\/\/zonaroja.com.mx\/index.php?rest_route=%2Fwp%2Fv2%2Fcomments&post=4925"}],"version-history":[{"count":1,"href":"https:\/\/zonaroja.com.mx\/index.php?rest_route=\/wp\/v2\/posts\/4925\/revisions"}],"predecessor-version":[{"id":4927,"href":"https:\/\/zonaroja.com.mx\/index.php?rest_route=\/wp\/v2\/posts\/4925\/revisions\/4927"}],"wp:featuredmedia":[{"embeddable":true,"href":"https:\/\/zonaroja.com.mx\/index.php?rest_route=\/wp\/v2\/media\/4926"}],"wp:attachment":[{"href":"https:\/\/zonaroja.com.mx\/index.php?rest_route=%2Fwp%2Fv2%2Fmedia&parent=4925"}],"wp:term":[{"taxonomy":"category","embeddable":true,"href":"https:\/\/zonaroja.com.mx\/index.php?rest_route=%2Fwp%2Fv2%2Fcategories&post=4925"},{"taxonomy":"post_tag","embeddable":true,"href":"https:\/\/zonaroja.com.mx\/index.php?rest_route=%2Fwp%2Fv2%2Ftags&post=4925"}],"curies":[{"name":"wp","href":"https:\/\/api.w.org\/{rel}","templated":true}]}}