{"id":49250,"date":"2022-12-14T08:12:47","date_gmt":"2022-12-14T14:12:47","guid":{"rendered":"http:\/\/www.zonaroja.com.mx\/?p=49250"},"modified":"2022-12-14T08:12:49","modified_gmt":"2022-12-14T14:12:49","slug":"construye-poder-judicial-un-sistema-de-justicia-pluralista-moderno-y-dinamico","status":"publish","type":"post","link":"https:\/\/zonaroja.com.mx\/?p=49250","title":{"rendered":"Construye Poder Judicial un sistema de justicia pluralista, moderno y din\u00e1mico"},"content":{"rendered":"\n<p>Redacci\u00f3n\/Zona Roja.<\/p>\n\n\n\n<p>Oaxaca de Ju\u00e1rez, Oax., a 14 de diciembre de 2022.- Al rendir su&nbsp;Tercer&nbsp;Informe de Actividades, el titular del Poder Judicial del Estado, magistrado Eduardo Pinacho S\u00e1nchez, afirm\u00f3 que&nbsp;en Oaxaca&nbsp;se construye&nbsp;un sistema de&nbsp;justicia vigoroso, pluralista, moderno y din\u00e1mico, con el prop\u00f3sito de&nbsp;garantizar losderechos de todas las personas, pero sobre todo de los sectores sociales m\u00e1s desfavorecidos, en la meta por llevar a cabo una profunda transformaci\u00f3n al interior de esta instituci\u00f3n.<\/p>\n\n\n\n<p>En Sesi\u00f3n Solemne conjunta de&nbsp;los&nbsp;Plenos&nbsp;del Tribunal Superior de Justicia y del Consejo de la Judicatura, a la que asistieron como invitados especiales&nbsp;el gobernador&nbsp;Salom\u00f3n Jara Cruz&nbsp;y la presidenta de la Mesa Directiva de la LXV Legislatura del Congreso del Estado, diputada Miriam de los \u00c1ngeles V\u00e1squez Ruiz,&nbsp;resalt\u00f3 que una bien entendida divisi\u00f3n de poderes no supone distanciamiento institucional, sino una razonable distribuci\u00f3n de competencias que debe cumplirse de manera coordinada, arm\u00f3nica y colaborativa para la realizaci\u00f3n de los fines del Estado.<\/p>\n\n\n\n<p>\u201cHoy, Oaxaca vive un momento hist\u00f3rico disruptivo, con un gobierno nuevo que busca la transformaci\u00f3n de Oaxaca. El Poder Judicial del Estado se suma a ese proyecto porque concuerda con los fines que subyacen en los proyectos y las acciones que venimos realizando en los \u00faltimos tres a\u00f1os\u201d, resalt\u00f3 en la ceremonia que cont\u00f3 con la presencia de legisladores, integrantes de barras y colegios de abogados, acad\u00e9micos,&nbsp;titulares de diferentes secretar\u00edas y de tribunales especializados.&nbsp;<\/p>\n\n\n\n<p>Entre los principales logros alcanzados&nbsp;en los \u00faltimos doce meses, el titular del Poder Judicial del Estado mencion\u00f3&nbsp;que&nbsp;en la&nbsp;dignificaci\u00f3n y ampliaci\u00f3n de la Infraestructura F\u00edsica&nbsp;se cre\u00f3&nbsp;laSala de Acceso Universal para discapacitados y las \u00e1reas para convivencia familiar, la ludoteca, el consultorio m\u00e9dico y la de valoraci\u00f3n psicol\u00f3gica en el Centro de Justicia de Tanivet;&nbsp;as\u00ed como&nbsp;la tercera etapa del primer edificio resiliente en el pa\u00eds, el \u00fanico para Escuela Judicial con tecnolog\u00eda antis\u00edsmica en el sector p\u00fablico.&nbsp;<\/p>\n\n\n\n<p>Asimismo,\u00a0la obra para la instalaci\u00f3n del laboratorio de gen\u00e9tica molecular que se encuentra en proceso, necesaria para el respeto y protecci\u00f3n del derecho a la identidad de las ni\u00f1as y los ni\u00f1os, que se hace valer en los juicios de paternidad.\u00a0<\/p>\n\n\n\n<figure class=\"wp-block-embed is-type-rich is-provider-twitter wp-block-embed-twitter\"><div class=\"wp-block-embed__wrapper\">\n<div class=\"twitter-tweet\"><blockquote class=\"twitter-tweet\" data-lang=\"es\"><p lang=\"es\" dir=\"ltr\">El presidente del Poder Judicial de Oaxaca (<a href=\"https:\/\/twitter.com\/tsjoaxaca?ref_src=twsrc%5Etfw\">@tsjoaxaca<\/a>), magistrado Eduardo Pinacho S\u00e1nchez, rinde este d\u00eda su Tercer Informe de Actividades 2022. <br>Asiste como invitado el gobernador <a href=\"https:\/\/twitter.com\/salomonj?ref_src=twsrc%5Etfw\">@salomonj<\/a>.<br>Aqu\u00ed la transmisi\u00f3n: <br>\ud83d\udc47<a href=\"https:\/\/t.co\/jZrfoXteCC\">https:\/\/t.co\/jZrfoXteCC<\/a> <a href=\"https:\/\/t.co\/kiDBMV0TY2\">pic.twitter.com\/kiDBMV0TY2<\/a><\/p>&mdash; Zona Roja Oaxaca (@ZonaRoja_Oaxaca) <a href=\"https:\/\/twitter.com\/ZonaRoja_Oaxaca\/status\/1602714429031911425?ref_src=twsrc%5Etfw\">13 de diciembre de 2022<\/a><\/blockquote><\/div>\n<\/div><\/figure>\n\n\n\n<p>A LA VANGUARDIA<\/p>\n\n\n\n<p>Al concluirla, Oaxaca ser\u00e1 el segundo Estado en el pa\u00eds con un laboratorio de estas caracter\u00edsticas, ya que el&nbsp;primero se encuentra en la ciudad&nbsp;de M\u00e9xico.&nbsp;<\/p>\n\n\n\n<p>Por otra parte,&nbsp;mencion\u00f3&nbsp;que,&nbsp;con el uso de las nuevas tecnolog\u00edas, hasta el&nbsp;momento&nbsp;se han desarrollado&nbsp;12&nbsp;mil&nbsp;177 audiencias en l\u00ednea, 94&nbsp;mil&nbsp;410 Notificaciones electr\u00f3nicas en primera instancia,&nbsp;seis mil&nbsp;240 en segunda instancia, y digitalizado&nbsp;68&nbsp;mil&nbsp;965 expedientes en 58 juzgados del sistema tradicional en el Estado.<\/p>\n\n\n\n<p>&nbsp;Destac\u00f3 el proyecto \u201cPluralismo Jur\u00eddico y Acceso a la Justicia\u201d,&nbsp;en el&nbsp;reconocimiento del derecho a la libre determinaci\u00f3n que tienen los pueblos ind\u00edgenas y el afromexicano;&nbsp;y en materia de combate a la corrupci\u00f3n dio a conocer el cese de seis&nbsp;secretarios de acuerdos,&nbsp;dos&nbsp;actuarios,&nbsp;tres&nbsp;oficiales administrativos y una jueza&nbsp;que&nbsp;se encuentra en proceso de investigaci\u00f3n.<\/p>\n\n\n\n<p>En los programas de formaci\u00f3n y profesionalizaci\u00f3n al m\u00e1s alto nivel acad\u00e9mico, con&nbsp;prestigiadas&nbsp;instituciones nacionales e internacionales, el magistrado Eduardo Pinacho S\u00e1nchez&nbsp;se\u00f1al\u00f3&nbsp;el inicio de la Maestr\u00eda en Derecho judicial, en conjunto&nbsp;con&nbsp;la Universidad de Perugia, Italia.&nbsp;<\/p>\n\n\n\n<p>Por su parte, en su intervenci\u00f3n, el Gobernador del Estado refrend\u00f3 su inter\u00e9s de mantener una relaci\u00f3n de profundo respeto y colaboraci\u00f3n con el Poder Judicial, Legislativo y \u00f3rganos aut\u00f3nomos. \u201cOaxaca necesita paz con justicia, la justicia es la base de la igualdad y de la libertad, sin justicia no puede haber transformaci\u00f3n ni bienestar\u201d, puntualiz\u00f3 al resaltar que su administraci\u00f3n ser\u00e1 aliada de la justicia.<\/p>\n\n\n\n<p>El&nbsp;Tercer&nbsp;Informe de Actividades&nbsp;del titular del Poder Judicial del Estado&nbsp;se encuentra disponible en el portal web institucional del Poder Judicial del Estado o&nbsp;directamente&nbsp;en el enlace&nbsp;https:\/\/bit.ly\/3WgApna.<\/p>\n","protected":false},"excerpt":{"rendered":"<p>Redacci\u00f3n\/Zona Roja. Oaxaca de Ju\u00e1rez, Oax., a 14 de diciembre de 2022.- Al rendir su&nbsp;Tercer&nbsp;Informe&hellip;<\/p>\n","protected":false},"author":2,"featured_media":49251,"comment_status":"closed","ping_status":"open","sticky":false,"template":"","format":"standard","meta":{"_lmt_disableupdate":"","_lmt_disable":"","_jetpack_memberships_contains_paid_content":false,"footnotes":""},"categories":[109,46],"tags":[223],"class_list":["post-49250","post","type-post","status-publish","format-standard","has-post-thumbnail","hentry","category-minuto-a-minuto","category-zona-blanca","tag-poder-judicial-de-oaxaca"],"jetpack_featured_media_url":"https:\/\/zonaroja.com.mx\/wp-content\/uploads\/2022\/12\/Poder-Judicial-magistrado-Eduardo-Pinacho-informe.jpeg","jetpack_sharing_enabled":true,"_links":{"self":[{"href":"https:\/\/zonaroja.com.mx\/index.php?rest_route=\/wp\/v2\/posts\/49250","targetHints":{"allow":["GET"]}}],"collection":[{"href":"https:\/\/zonaroja.com.mx\/index.php?rest_route=\/wp\/v2\/posts"}],"about":[{"href":"https:\/\/zonaroja.com.mx\/index.php?rest_route=\/wp\/v2\/types\/post"}],"author":[{"embeddable":true,"href":"https:\/\/zonaroja.com.mx\/index.php?rest_route=\/wp\/v2\/users\/2"}],"replies":[{"embeddable":true,"href":"https:\/\/zonaroja.com.mx\/index.php?rest_route=%2Fwp%2Fv2%2Fcomments&post=49250"}],"version-history":[{"count":1,"href":"https:\/\/zonaroja.com.mx\/index.php?rest_route=\/wp\/v2\/posts\/49250\/revisions"}],"predecessor-version":[{"id":49252,"href":"https:\/\/zonaroja.com.mx\/index.php?rest_route=\/wp\/v2\/posts\/49250\/revisions\/49252"}],"wp:featuredmedia":[{"embeddable":true,"href":"https:\/\/zonaroja.com.mx\/index.php?rest_route=\/wp\/v2\/media\/49251"}],"wp:attachment":[{"href":"https:\/\/zonaroja.com.mx\/index.php?rest_route=%2Fwp%2Fv2%2Fmedia&parent=49250"}],"wp:term":[{"taxonomy":"category","embeddable":true,"href":"https:\/\/zonaroja.com.mx\/index.php?rest_route=%2Fwp%2Fv2%2Fcategories&post=49250"},{"taxonomy":"post_tag","embeddable":true,"href":"https:\/\/zonaroja.com.mx\/index.php?rest_route=%2Fwp%2Fv2%2Ftags&post=49250"}],"curies":[{"name":"wp","href":"https:\/\/api.w.org\/{rel}","templated":true}]}}