{"id":49253,"date":"2022-12-14T08:26:01","date_gmt":"2022-12-14T14:26:01","guid":{"rendered":"http:\/\/www.zonaroja.com.mx\/?p=49253"},"modified":"2022-12-14T08:26:13","modified_gmt":"2022-12-14T14:26:13","slug":"preside-mujer-gobierno-de-puebla-tras-muerte-de-miguel-barbosa","status":"publish","type":"post","link":"https:\/\/zonaroja.com.mx\/?p=49253","title":{"rendered":"Preside mujer gobierno de Puebla, tras muerte de Miguel Barbosa"},"content":{"rendered":"\n<p>Redacci\u00f3n\/Zona Roja Cdmx.<\/p>\n\n\n\n<p>Ciudad de M\u00e9xico, a 14 de diciembre de 20222.- Una mujer preside de manera interina el Gobierno del Estado de Puebla, tras la muerte ayer del mandatario Miguel Barbosa Huerta, surgido del Partido Morena.<\/p>\n\n\n\n<p>De acuerdo con el art\u00edculo 77 de la Constituci\u00f3n Pol\u00edtica, ante la ausencia del gobernador, la persona encargada de la Secretar\u00eda de Gobernaci\u00f3n de Puebla ser\u00e1 quien se encargue del despacho.&nbsp;<\/p>\n\n\n\n<p>Si la falta se prolonga a m\u00e1s de 30 d\u00edas, el Congreso nombrar\u00e1 al Gobernador Interino en los t\u00e9rminos del art\u00edculo 57.<\/p>\n\n\n\n<p>En tanto, se prev\u00e9 que el Congreso elija al ciudadano que ser\u00e1 su sustituto tras la muerte del gobernador en funciones; sin embargo, mientras el Congreso elige al interino, el secretario general de Gobierno queda al frente del gobierno de Puebla, en este caso,&nbsp;Ana Luc\u00eda Hill Mayoral.<\/p>\n\n\n\n<p>Ella fue la primera mujer en presidir la Secretar\u00eda de Gobierno en dicha entidad y la tercera persona en ostentar el cargo durante el gobierno de Barbosa.&nbsp;<\/p>\n\n\n\n<p>Lleg\u00f3 al puesto el 23 de febrero del 2021, en sustituci\u00f3n de David M\u00e9ndez M\u00e1rquez.<\/p>\n\n\n\n<p>Previo a dicho cargo, se desempe\u00f1\u00f3 como coordinadora general de Protecci\u00f3n Civil en la entidad desde enero de 2020. Es originaria de Sonora y destac\u00f3 por haber sido la titular de la direcci\u00f3n General de Protecci\u00f3n Civil de la Secretar\u00eda de Gobernaci\u00f3n del gobierno federal.<\/p>\n\n\n\n<p>Por otra parte, el Gobierno de Puebla inform\u00f3 que encabezar\u00e1 tres homenajes de cuerpo presente a Miguel Barbosa Huerta, gobernador del estado, quien falleci\u00f3 el pasado 13 de diciembre en la Ciudad de M\u00e9xico (CDMX); en uno de los eventos se espera la presencia del presidente Andr\u00e9s Manuel L\u00f3pez Obrador (AMLO).<\/p>\n\n\n\n<p>El pasado 13 de diciembre, a trav\u00e9s de la cuenta oficial de la administraci\u00f3n estatal, se anunci\u00f3 que este mi\u00e9rcoles se realizar\u00e1n homenajes en honor a Miguel Barbosa, en la que participar\u00e1 el mandatario federal, quien confirm\u00f3 la muerte del gobernador y envi\u00f3 sus condolencias.<\/p>\n\n\n\n<p>Seg\u00fan detall\u00f3 el Gobierno estatal, las exequias y homenajes al gobernador se llevar\u00e1 a cabo este 14 de diciembre en los siguientes horarios:<\/p>\n\n\n\n<p>-El primer homenaje se realizar\u00e1 a las 9:00 horas en el Congreso del Estado, ubicado en calle 5 Poniente n\u00famero 5 del Centro Hist\u00f3rico de Puebla<\/p>\n\n\n\n<p>-El segundo evento se llevar\u00e1 a cabo a las 9:45 horas en el Palacio de Justicia, a un costado de la Catedral de Puebla<\/p>\n\n\n\n<p>-El tercer homenaje, en el que se prev\u00e9 la presencia del jefe del Ejecutivo federal, se llevar\u00e1 a cabo desde las 11:30 horas en Casa Aguayo, sede del Palacio de Gobierno de Puebla.<\/p>\n\n\n\n<p>(Con informaci\u00f3n de Infobae M\u00e9xico)<\/p>\n","protected":false},"excerpt":{"rendered":"<p>Redacci\u00f3n\/Zona Roja Cdmx. Ciudad de M\u00e9xico, a 14 de diciembre de 20222.- Una mujer preside&hellip;<\/p>\n","protected":false},"author":2,"featured_media":49254,"comment_status":"closed","ping_status":"open","sticky":false,"template":"","format":"standard","meta":{"_lmt_disableupdate":"","_lmt_disable":"","_jetpack_memberships_contains_paid_content":false,"footnotes":""},"categories":[109,47],"tags":[3348,3347],"class_list":["post-49253","post","type-post","status-publish","format-standard","has-post-thumbnail","hentry","category-minuto-a-minuto","category-zona-gris","tag-ana-lucia-hill-mayoral","tag-miguel-barbosa-huerta"],"jetpack_featured_media_url":"https:\/\/zonaroja.com.mx\/wp-content\/uploads\/2022\/12\/Gobernador-de-Puebla-Lucia-Hill.webp","jetpack_sharing_enabled":true,"_links":{"self":[{"href":"https:\/\/zonaroja.com.mx\/index.php?rest_route=\/wp\/v2\/posts\/49253","targetHints":{"allow":["GET"]}}],"collection":[{"href":"https:\/\/zonaroja.com.mx\/index.php?rest_route=\/wp\/v2\/posts"}],"about":[{"href":"https:\/\/zonaroja.com.mx\/index.php?rest_route=\/wp\/v2\/types\/post"}],"author":[{"embeddable":true,"href":"https:\/\/zonaroja.com.mx\/index.php?rest_route=\/wp\/v2\/users\/2"}],"replies":[{"embeddable":true,"href":"https:\/\/zonaroja.com.mx\/index.php?rest_route=%2Fwp%2Fv2%2Fcomments&post=49253"}],"version-history":[{"count":1,"href":"https:\/\/zonaroja.com.mx\/index.php?rest_route=\/wp\/v2\/posts\/49253\/revisions"}],"predecessor-version":[{"id":49255,"href":"https:\/\/zonaroja.com.mx\/index.php?rest_route=\/wp\/v2\/posts\/49253\/revisions\/49255"}],"wp:featuredmedia":[{"embeddable":true,"href":"https:\/\/zonaroja.com.mx\/index.php?rest_route=\/wp\/v2\/media\/49254"}],"wp:attachment":[{"href":"https:\/\/zonaroja.com.mx\/index.php?rest_route=%2Fwp%2Fv2%2Fmedia&parent=49253"}],"wp:term":[{"taxonomy":"category","embeddable":true,"href":"https:\/\/zonaroja.com.mx\/index.php?rest_route=%2Fwp%2Fv2%2Fcategories&post=49253"},{"taxonomy":"post_tag","embeddable":true,"href":"https:\/\/zonaroja.com.mx\/index.php?rest_route=%2Fwp%2Fv2%2Ftags&post=49253"}],"curies":[{"name":"wp","href":"https:\/\/api.w.org\/{rel}","templated":true}]}}