{"id":49256,"date":"2022-12-15T09:29:00","date_gmt":"2022-12-15T15:29:00","guid":{"rendered":"http:\/\/www.zonaroja.com.mx\/?p=49256"},"modified":"2022-12-14T17:37:45","modified_gmt":"2022-12-14T23:37:45","slug":"oaxaca-presente-en-estados-unidos-desde-la-voz-de-miroslava-ferra-un-sueno-cumplido","status":"publish","type":"post","link":"https:\/\/zonaroja.com.mx\/?p=49256","title":{"rendered":"Oaxaca presente en Estados Unidos desde la voz de Miroslava Ferra, un sue\u00f1o cumplido"},"content":{"rendered":"\n<p>Yuridiana Sosa\/Zona Roja.<\/p>\n\n\n\n<p>Oaxaca de Ju\u00e1rez, Oax., 15 de diciembre de 2022.- Los sonidos y colores de Oaxaca en Estados Unidos, reunidos en un solo momento, estuvieron presentes a trav\u00e9s de la cantante oaxaque\u00f1a, de origen istme\u00f1o, Miroslava Ferra, en su gira por la Uni\u00f3n Americana para cerrar el 2022.<\/p>\n\n\n\n<p>La cantautora represent\u00f3 con orgullo y \u00e9xito la cultura de su estado y M\u00e9xico en el \u201cTour transplantados\u201d, que se llev\u00f3 a cabo del 1 al 9 de diciembre en Los \u00c1ngeles, California, y Houston, Texas.<\/p>\n\n\n\n<p>Aunque fue la primera vez que Miroslava Ferra se present\u00f3 en Estados Unidos, su actuaci\u00f3n fue de trascendencia para la comunidad oaxaque\u00f1a y connacionales mexicanos.<\/p>\n\n\n\n<p>La originaria de Juchit\u00e1n de Zaragoza estuvo presente en el Consulado de M\u00e9xico en San Bernardino, California; en su visita port\u00f3 el elegante y original vestuario de su regi\u00f3n.<\/p>\n\n\n\n<p>\u201cHoy est\u00e1s aqu\u00ed por lo que hiciste hace seis meses, un a\u00f1o, o m\u00e1s, pero estamos tan acostumbrados a la inmediatez que tiramos la toalla cuando las cosas no salen como queremos al instante , jam\u00e1s renuncies a lo que amas , ama lo que haces y haz lo que amas. La vida es mejor cantando\u201d, expres\u00f3 la cantante orgullosa por ese logro.<\/p>\n\n\n\n<p>Durante la gira, Miroslava Ferra tambi\u00e9n particip\u00f3 en el Festival B\u00e9same Mucho, en el que se realiza una tradicional calenda por parte de latinos.<\/p>\n\n\n\n<p>\u201cAyer cumpl\u00ed a\u00f1os, un cumplea\u00f1os diferente por estar lejos de casa pero muy hermoso porque lo celebr\u00e9 representando a mi bello Oaxaca en el B\u00e9same Mucho Festival\u2026La cultura de mi hermoso Oaxaca est\u00e1 presente en cada rinc\u00f3n del mundo, me enorgullece ser part\u00edcipe de una calenda en uno de los eventos m\u00e1s importantes para la comunidad latina en Los \u00c1ngeles.<\/p>\n\n\n\n<p>En su cierre de a\u00f1o, la cantautora Istme\u00f1a, tambi\u00e9n particip\u00f3 en el tercera Jornada Binacional para artistas de origen mexicano en Estados Unidos, que se llev\u00f3 a cabo el pasado 11 de diciembre en el Centro Cultural Tijuana, a la que fue invitada por la Secretar\u00eda de Relaciones Exteriores en Tijuana, Baja California.<\/p>\n\n\n\n<p>EN SU COMUNIDAD<\/p>\n\n\n\n<p>La cantante, quien tambi\u00e9n se ha desempe\u00f1ado como docente del Instituto Tecnol\u00f3gico del Istmo, es activa en su comunidad.<\/p>\n\n\n\n<p>Las poblaciones y colectivos recurren a ella de manera frecuente para festividades patronales o actividades con causa para recaudar fondos.<\/p>\n\n\n\n<p>La joven cantante creci\u00f3 en un ambiente de m\u00fasica tradicional, por lo que desde la adolescencia comenz\u00f3 su trayectoria, la cual hoy atraviesa fronteras.<\/p>\n","protected":false},"excerpt":{"rendered":"<p>Yuridiana Sosa\/Zona Roja. Oaxaca de Ju\u00e1rez, Oax., 15 de diciembre de 2022.- Los sonidos y&hellip;<\/p>\n","protected":false},"author":2,"featured_media":49257,"comment_status":"closed","ping_status":"open","sticky":false,"template":"","format":"standard","meta":{"_lmt_disableupdate":"","_lmt_disable":"","_jetpack_memberships_contains_paid_content":false,"footnotes":""},"categories":[109,46],"tags":[3349],"class_list":["post-49256","post","type-post","status-publish","format-standard","has-post-thumbnail","hentry","category-minuto-a-minuto","category-zona-blanca","tag-miroslava-ferra"],"jetpack_featured_media_url":"https:\/\/zonaroja.com.mx\/wp-content\/uploads\/2022\/12\/Miroslava-Ferra.jpeg","jetpack_sharing_enabled":true,"_links":{"self":[{"href":"https:\/\/zonaroja.com.mx\/index.php?rest_route=\/wp\/v2\/posts\/49256","targetHints":{"allow":["GET"]}}],"collection":[{"href":"https:\/\/zonaroja.com.mx\/index.php?rest_route=\/wp\/v2\/posts"}],"about":[{"href":"https:\/\/zonaroja.com.mx\/index.php?rest_route=\/wp\/v2\/types\/post"}],"author":[{"embeddable":true,"href":"https:\/\/zonaroja.com.mx\/index.php?rest_route=\/wp\/v2\/users\/2"}],"replies":[{"embeddable":true,"href":"https:\/\/zonaroja.com.mx\/index.php?rest_route=%2Fwp%2Fv2%2Fcomments&post=49256"}],"version-history":[{"count":2,"href":"https:\/\/zonaroja.com.mx\/index.php?rest_route=\/wp\/v2\/posts\/49256\/revisions"}],"predecessor-version":[{"id":49265,"href":"https:\/\/zonaroja.com.mx\/index.php?rest_route=\/wp\/v2\/posts\/49256\/revisions\/49265"}],"wp:featuredmedia":[{"embeddable":true,"href":"https:\/\/zonaroja.com.mx\/index.php?rest_route=\/wp\/v2\/media\/49257"}],"wp:attachment":[{"href":"https:\/\/zonaroja.com.mx\/index.php?rest_route=%2Fwp%2Fv2%2Fmedia&parent=49256"}],"wp:term":[{"taxonomy":"category","embeddable":true,"href":"https:\/\/zonaroja.com.mx\/index.php?rest_route=%2Fwp%2Fv2%2Fcategories&post=49256"},{"taxonomy":"post_tag","embeddable":true,"href":"https:\/\/zonaroja.com.mx\/index.php?rest_route=%2Fwp%2Fv2%2Ftags&post=49256"}],"curies":[{"name":"wp","href":"https:\/\/api.w.org\/{rel}","templated":true}]}}