{"id":49261,"date":"2022-12-14T11:00:00","date_gmt":"2022-12-14T17:00:00","guid":{"rendered":"http:\/\/www.zonaroja.com.mx\/?p=49261"},"modified":"2022-12-14T18:57:57","modified_gmt":"2022-12-15T00:57:57","slug":"pend-6","status":"publish","type":"post","link":"https:\/\/zonaroja.com.mx\/?p=49261","title":{"rendered":"Descuentos a prestaciones de polic\u00edas desatan rebeli\u00f3n y revelan deficiencias"},"content":{"rendered":"\n<p>Yuridiana Sosa\/Zona Roja.<\/p>\n\n\n\n<p>Oaxaca de Ju\u00e1rez, Oax., 14 de diciembre de 2022.- Una vez m\u00e1s, los elementos policiales de Oaxaca de Ju\u00e1rez realizaron una protesta, para exigir el cumplimiento de entrega de uniformes, armas, patrullas y devoluci\u00f3n de los descuentos aplicados en su aguinaldo, situaci\u00f3n que nunca antes se hab\u00eda presentado.<\/p>\n\n\n\n<p>Las sirenas de las patrullas municipales de la capital sonaron&nbsp;por calles del Centro Hist\u00f3rico en se\u00f1al de protesta por las violaciones laborales en la administraci\u00f3n que encabeza Francisco Mart\u00ednez Neri y la ausencia del titular de la Secretar\u00eda de Seguridad Ciudadana, Vialidad y Protecci\u00f3n Civil de Oaxaca de Ju\u00e1rez, Ra\u00fal \u00c1vila Ibarra, para atender los problemas.<\/p>\n\n\n\n<p>Luego de una concentraci\u00f3n masiva en el z\u00f3calo, se dirigieron en caravana a bordo de patrullas y a pie a la Plaza de la Danza, frente a palacio municipal, donde la reuni\u00f3n abierta la encabez\u00f3 el panista Dagoberto Carre\u00f1o Gopar, Consejero Jur\u00eddico de la presidencia, mientras que \u00c1vila Ibarra era la segunda voz; desde el inicio el cuerpo policial lo ha rechazado.&nbsp;<\/p>\n\n\n\n<p>Desde las escaleras de la plaza las autoridades trataban de calmar el acalorado momento; el enojo de los polic\u00edas por ser ignorados desde el inicio de la administraci\u00f3n se manifestaba a gritos.<\/p>\n\n\n\n<p>Ra\u00fal \u00c1vila, con las manos en la cintura solo escuchaba los reclamos, mientras que Carre\u00f1o Gopar se impuso para iniciar el di\u00e1logo con los enardecidos uniformados.<\/p>\n\n\n\n<figure class=\"wp-block-embed is-type-rich is-provider-twitter wp-block-embed-twitter\"><div class=\"wp-block-embed__wrapper\">\n<div class=\"twitter-tweet\"><blockquote class=\"twitter-tweet\" data-lang=\"es\"><p lang=\"es\" dir=\"ltr\"><a href=\"https:\/\/twitter.com\/hashtag\/%C3%9AltimoMinuto?src=hash&amp;ref_src=twsrc%5Etfw\">#\u00daltimoMinuto<\/a><br>A falta de atenci\u00f3n por parte del titular del <a href=\"https:\/\/twitter.com\/MunicipioSeguro?ref_src=twsrc%5Etfw\">@MunicipioSeguro<\/a>, Ra\u00fal \u00c1vila Ibarra, polic\u00edas municipales de la ciudad de Oaxaca se concentran en la Plaza de la Danza, para demandar un di\u00e1logo con las autoridades que encabeza <a href=\"https:\/\/twitter.com\/FMartinezNeri?ref_src=twsrc%5Etfw\">@FMartinezNeri<\/a>.<br>Video: <a href=\"https:\/\/twitter.com\/Miguel_A_LunaLo?ref_src=twsrc%5Etfw\">@Miguel_A_LunaLo<\/a>. <a href=\"https:\/\/t.co\/QQgpEfShsv\">pic.twitter.com\/QQgpEfShsv<\/a><\/p>&mdash; Zona Roja Oaxaca (@ZonaRoja_Oaxaca) <a href=\"https:\/\/twitter.com\/ZonaRoja_Oaxaca\/status\/1603028121640468480?ref_src=twsrc%5Etfw\">14 de diciembre de 2022<\/a><\/blockquote><\/div>\n<\/div><\/figure>\n\n\n\n<p>LAS DEMANDAS<\/p>\n\n\n\n<p>Los uniformes debieron entregarse en el mes de septiembre, antes del desfile del d\u00eda 16, pero no llegaron. Y con el pretexto de buscar la mejor calidad, siguen sin ser entregados mientras que algunos elementos portan la vestimenta otorgada desde hace 10 a\u00f1os.&nbsp;<\/p>\n\n\n\n<p>\u201cNunca lo dan completo, que lo den completo, hace falta todo\u201d, exigen con enojo los elementos.<\/p>\n\n\n\n<p>El aguinaldo, apuntaron, tuvo descuento del ISR, algo ilegal y que nunca se hab\u00eda efectuado, reclamaron con recibos en mano de a\u00f1os anteriores y el actual, por lo que exigieron la devoluci\u00f3n de su dinero.<\/p>\n\n\n\n<p>Pero las condiciones laborales son p\u00e9simas, se\u00f1alaron que no cuentan con patrullas, y sus armas son obsoletas, tanto que \u201cdebieran estar en un museo\u201d.<\/p>\n\n\n\n<p>\u201cLa polic\u00eda a\u00f1os tras a\u00f1o se ve m\u00e1s abajo, los que vienen nada m\u00e1s se llevan el dinero de los polic\u00edas\u201d, se escuch\u00f3 entre el reclamo de los elementos, pues desde hace unos 10 a\u00f1os la situaci\u00f3n ha empeorado.&nbsp;<\/p>\n\n\n\n<p>Sin embargo, durante la administraci\u00f3n actual las p\u00e9simas condiciones laborales colapsaron.<\/p>\n\n\n\n<p>\u201cActualmente no tenemos ni voz ni voto, nosotros queremos hablar con un jefe y nos ponen candados, trabas. Hacemos oficios, los avientan por all\u00e1, ni siquiera pasan nuestras peticiones\u201d, manifestaron.<\/p>\n\n\n\n<p>Tambi\u00e9n exhibieron que esas condiciones las quieren \u201ctapar\u201d con eventos donde les llevan \u201catole y tamales para que no se diga nada\u201d, pues tambi\u00e9n los polic\u00edas de la tercera edad no tienen condiciones para retirarse y contar con una pensi\u00f3n.<\/p>\n\n\n\n<p>\u201cEstamos hartos de ustedes (autoridades), y de la sociedad que no nos apoya, nos deben de apoyar por la seguridad p\u00fablica de su municipio\u201d, manifest\u00f3 uno de los elementos con mayor antig\u00fcedad.&nbsp;<\/p>\n\n\n\n<p>A\u00d1O DE INCONFORMIDAD<\/p>\n\n\n\n<p>Desde el inicio de la administraci\u00f3n la Polic\u00eda Municipal de Oaxaca de Ju\u00e1rez se ha manifestado por la falta de condiciones laborales.&nbsp;<\/p>\n\n\n\n<p>As\u00ed ocurri\u00f3 el 24 y 25 de febrero para denunciar malos tratos del secretario de Seguridad, Ra\u00fal \u00c1vila Ibarra y exigir rehabilitaci\u00f3n de sus dormitorios al contar con chinches y colchones viejos, adem\u00e1s de otras condiciones laborales.<\/p>\n\n\n\n<figure class=\"wp-block-embed is-type-rich is-provider-twitter wp-block-embed-twitter\"><div class=\"wp-block-embed__wrapper\">\n<div class=\"twitter-tweet\"><blockquote class=\"twitter-tweet\" data-lang=\"es\"><p lang=\"es\" dir=\"ltr\"><a href=\"https:\/\/twitter.com\/hashtag\/%C3%9AltimoMinuto?src=hash&amp;ref_src=twsrc%5Etfw\">#\u00daltimoMinuto<\/a><br>Autoridades del ayuntamiento de <a href=\"https:\/\/twitter.com\/hashtag\/Oaxaca?src=hash&amp;ref_src=twsrc%5Etfw\">#Oaxaca<\/a> de Ju\u00e1rez ya atienden a los polic\u00edas municipales en la Plaza de la Danza.<br>Sin embargo, persisten los reclamos no s\u00f3lo por los descuentos, sino por la falta de equipamiento y mala calidad en los uniformes. <a href=\"https:\/\/t.co\/TPNEwAnj3y\">pic.twitter.com\/TPNEwAnj3y<\/a><\/p>&mdash; Zona Roja Oaxaca (@ZonaRoja_Oaxaca) <a href=\"https:\/\/twitter.com\/ZonaRoja_Oaxaca\/status\/1603034797898620929?ref_src=twsrc%5Etfw\">14 de diciembre de 2022<\/a><\/blockquote><\/div>\n<\/div><\/figure>\n","protected":false},"excerpt":{"rendered":"<p>Yuridiana Sosa\/Zona Roja. Oaxaca de Ju\u00e1rez, Oax., 14 de diciembre de 2022.- Una vez m\u00e1s,&hellip;<\/p>\n","protected":false},"author":2,"featured_media":49262,"comment_status":"closed","ping_status":"open","sticky":false,"template":"","format":"standard","meta":{"_lmt_disableupdate":"","_lmt_disable":"","_jetpack_memberships_contains_paid_content":false,"footnotes":""},"categories":[109,47],"tags":[148],"class_list":["post-49261","post","type-post","status-publish","format-standard","has-post-thumbnail","hentry","category-minuto-a-minuto","category-zona-gris","tag-oaxaca-de-juarez"],"jetpack_featured_media_url":"https:\/\/zonaroja.com.mx\/wp-content\/uploads\/2022\/12\/Paro-policias-municipales-Oaxaca.jpg","jetpack_sharing_enabled":true,"_links":{"self":[{"href":"https:\/\/zonaroja.com.mx\/index.php?rest_route=\/wp\/v2\/posts\/49261","targetHints":{"allow":["GET"]}}],"collection":[{"href":"https:\/\/zonaroja.com.mx\/index.php?rest_route=\/wp\/v2\/posts"}],"about":[{"href":"https:\/\/zonaroja.com.mx\/index.php?rest_route=\/wp\/v2\/types\/post"}],"author":[{"embeddable":true,"href":"https:\/\/zonaroja.com.mx\/index.php?rest_route=\/wp\/v2\/users\/2"}],"replies":[{"embeddable":true,"href":"https:\/\/zonaroja.com.mx\/index.php?rest_route=%2Fwp%2Fv2%2Fcomments&post=49261"}],"version-history":[{"count":4,"href":"https:\/\/zonaroja.com.mx\/index.php?rest_route=\/wp\/v2\/posts\/49261\/revisions"}],"predecessor-version":[{"id":49274,"href":"https:\/\/zonaroja.com.mx\/index.php?rest_route=\/wp\/v2\/posts\/49261\/revisions\/49274"}],"wp:featuredmedia":[{"embeddable":true,"href":"https:\/\/zonaroja.com.mx\/index.php?rest_route=\/wp\/v2\/media\/49262"}],"wp:attachment":[{"href":"https:\/\/zonaroja.com.mx\/index.php?rest_route=%2Fwp%2Fv2%2Fmedia&parent=49261"}],"wp:term":[{"taxonomy":"category","embeddable":true,"href":"https:\/\/zonaroja.com.mx\/index.php?rest_route=%2Fwp%2Fv2%2Fcategories&post=49261"},{"taxonomy":"post_tag","embeddable":true,"href":"https:\/\/zonaroja.com.mx\/index.php?rest_route=%2Fwp%2Fv2%2Ftags&post=49261"}],"curies":[{"name":"wp","href":"https:\/\/api.w.org\/{rel}","templated":true}]}}