{"id":49280,"date":"2022-12-14T20:57:27","date_gmt":"2022-12-15T02:57:27","guid":{"rendered":"http:\/\/www.zonaroja.com.mx\/?p=49280"},"modified":"2022-12-14T20:57:28","modified_gmt":"2022-12-15T02:57:28","slug":"denuncian-a-empresario-de-oaxaca-por-transporte-de-migrantes","status":"publish","type":"post","link":"https:\/\/zonaroja.com.mx\/?p=49280","title":{"rendered":"Denuncian a empresario de Oaxaca por transporte de migrantes"},"content":{"rendered":"\n<p>Redacci\u00f3n\/Zona Roja.<\/p>\n\n\n\n<p>Oaxaca de Ju\u00e1rez, Oax., a 14 de diciembre de 2022.- Usuarios del transporte de pasaje se\u00f1alaron al empresario Jorge Alberto Ortiz Hern\u00e1ndez, por realizar viajes de traslado de migrantes.<\/p>\n\n\n\n<p>El se\u00f1alado, seg\u00fan diversas denuncias en redes sociales, su empresa es identificada en Oaxaca como Transportes Tur\u00edsticos Ortiz, compa\u00f1\u00eda que lleva el apellido de su difunto padre, Juan Ortiz Mart\u00ednez, quien fuera presidente de Autobuses Fletes y Pasajes S. A. de C. V. (Fypsa).<\/p>\n\n\n\n<p>\u201cEl oaxaque\u00f1o es m\u00e1s famoso entre la Guardia Nacional de las carreteras del suroeste del pa\u00eds porque sus sobornos son de los m\u00e1s jugosos de la zona, ya que desde hace varios a\u00f1os se adue\u00f1\u00f3 de las rutas para poder transportar centroamericanos ilegales y y presuntamente drogas, desde Tapachula Chiapas al centro y norte de Mexico\u201d, refieren.<\/p>\n\n\n\n<p>Destacan que los inicios de Jorge Alberto Ortiz Hern\u00e1ndez fue en la compa\u00f1\u00eda que fund\u00f3 su padre, pero fue despedido al comprobarse el fraude y robo que cometi\u00f3 contra su propia familia, de varios millones de pesos, con lo cual se hizo de una flotilla de camiones de pasaje.<\/p>\n\n\n\n<p>\u201cEl ahora empresario se encuentra en tremendo problema medi\u00e1tico ya que por no darle la cara a sus \u2018socios\u2019, estos le cobraron su falta de responsabilidad con la vida de sus progenitores, la se\u00f1ora Concepci\u00f3n de Ortiz y don Juan Ortiz, acto que se dio a cabo en estas fechas del 2019, caso que a\u00fan est\u00e1 sin resolver.<\/p>\n\n\n\n<p>\u201cAunque la historia no termina ah\u00ed, ya que como era obvio de esperarse el flamante empresario, soborn\u00f3 a nuestros brillantes fiscales para poder tener un chivo expiatorio y lavarse as\u00ed de culpas.&nbsp;<\/p>\n\n\n\n<p>\u201cAunque cuando el r\u00edo suena es por que agua lleva y se pondr\u00e1n comprar a las autoridades, pero no se pueden callar las verdades que el pueblo comenta\u201d, se\u00f1alan, respecto al homicido de las citadas personas, que eran ya de la tercera edad.<\/p>\n\n\n\n<p>Por lo anterior, exigen la intervenci\u00f3n de las autoridades federales, en el caso del transporte probable de migrantes y otros il\u00edcitos, as\u00ed como de la Fiscal\u00eda General del Estado de Oaxaca y el Tribunal Superior de Justicia para que se haga justicia por la muerte de la pareja de los se\u00f1ores Ortiz y no se utilicen chivos expiatorios.<\/p>\n","protected":false},"excerpt":{"rendered":"<p>Redacci\u00f3n\/Zona Roja. Oaxaca de Ju\u00e1rez, Oax., a 14 de diciembre de 2022.- Usuarios del transporte&hellip;<\/p>\n","protected":false},"author":2,"featured_media":49281,"comment_status":"closed","ping_status":"open","sticky":false,"template":"","format":"standard","meta":{"_lmt_disableupdate":"","_lmt_disable":"","_jetpack_memberships_contains_paid_content":false,"footnotes":""},"categories":[109,47],"tags":[3351],"class_list":["post-49280","post","type-post","status-publish","format-standard","has-post-thumbnail","hentry","category-minuto-a-minuto","category-zona-gris","tag-jorge-alberto-ortiz-hernandez"],"jetpack_featured_media_url":"https:\/\/zonaroja.com.mx\/wp-content\/uploads\/2022\/12\/Transportes-Turisticos-Ortiz.jpeg","jetpack_sharing_enabled":true,"_links":{"self":[{"href":"https:\/\/zonaroja.com.mx\/index.php?rest_route=\/wp\/v2\/posts\/49280","targetHints":{"allow":["GET"]}}],"collection":[{"href":"https:\/\/zonaroja.com.mx\/index.php?rest_route=\/wp\/v2\/posts"}],"about":[{"href":"https:\/\/zonaroja.com.mx\/index.php?rest_route=\/wp\/v2\/types\/post"}],"author":[{"embeddable":true,"href":"https:\/\/zonaroja.com.mx\/index.php?rest_route=\/wp\/v2\/users\/2"}],"replies":[{"embeddable":true,"href":"https:\/\/zonaroja.com.mx\/index.php?rest_route=%2Fwp%2Fv2%2Fcomments&post=49280"}],"version-history":[{"count":1,"href":"https:\/\/zonaroja.com.mx\/index.php?rest_route=\/wp\/v2\/posts\/49280\/revisions"}],"predecessor-version":[{"id":49282,"href":"https:\/\/zonaroja.com.mx\/index.php?rest_route=\/wp\/v2\/posts\/49280\/revisions\/49282"}],"wp:featuredmedia":[{"embeddable":true,"href":"https:\/\/zonaroja.com.mx\/index.php?rest_route=\/wp\/v2\/media\/49281"}],"wp:attachment":[{"href":"https:\/\/zonaroja.com.mx\/index.php?rest_route=%2Fwp%2Fv2%2Fmedia&parent=49280"}],"wp:term":[{"taxonomy":"category","embeddable":true,"href":"https:\/\/zonaroja.com.mx\/index.php?rest_route=%2Fwp%2Fv2%2Fcategories&post=49280"},{"taxonomy":"post_tag","embeddable":true,"href":"https:\/\/zonaroja.com.mx\/index.php?rest_route=%2Fwp%2Fv2%2Ftags&post=49280"}],"curies":[{"name":"wp","href":"https:\/\/api.w.org\/{rel}","templated":true}]}}