{"id":49286,"date":"2022-12-14T22:33:36","date_gmt":"2022-12-15T04:33:36","guid":{"rendered":"http:\/\/www.zonaroja.com.mx\/?p=49286"},"modified":"2022-12-14T22:33:38","modified_gmt":"2022-12-15T04:33:38","slug":"dia-14-de-la-primavera-oaxaquena-cuatro-protestas-en-oaxaca","status":"publish","type":"post","link":"https:\/\/zonaroja.com.mx\/?p=49286","title":{"rendered":"D\u00eda 14 de la \u201cprimavera oaxaque\u00f1a\u201d: cuatro protestas en Oaxaca"},"content":{"rendered":"\n<p>Ismael Garc\u00eda M.\/Zona Roja.<\/p>\n\n\n\n<p>Oaxaca de Ju\u00e1rez, Oax., a 14 de diciembre de 2022.- En el d\u00eda 14 de la llamada \u201cprimavera oaxaque\u00f1a\u201d, no cesan las protestas cotidianas en Oaxaca.<\/p>\n\n\n\n<p>Desde temprana hora y hasta el momento, estudiantes normalistas se apoderaron de la caseta de Huitzo de la supercarretera Oaxaca-Cuacnopalan, para cobrar su propio peaje, a fin de financiar su movimiento.<\/p>\n\n\n\n<p>Ayer, en la capital \u00abtomaron\u00bb varios camiones de mercanc\u00edas, mismos que saquearon y robaron al interior del Centro Regional de Educaci\u00f3n Normal de Oaxaca.<\/p>\n\n\n\n<p>Ello, sin que el Instituto Estatal de Educaci\u00f3n P\u00fablica de Oaxaca, que preside Emilio Montero -sin experiencia en el ramo educativo- atienda las demandas de los estudiantes, y sin que la Secretar\u00eda de Seguridad y Protecci\u00f3n Ciudadana, al mando del marino Iv\u00e1n Garc\u00eda, act\u00fae para frenar los il\u00edcitos.<\/p>\n\n\n\n<p>En oficinas de gobierno de Ciudad Administrativa, ubicada en Tlalixtaca de Cabrera, habitantes de Eloxochitl\u00e1n de Flores Mag\u00f3n efectuaron una protesta pac\u00edfica, en el marco de una mesa de trabajo con las autoridades estatales, que pidieron sea resolutiva, a fin de que sean liberados sus presos, que consideran est\u00e1n encarcelados injustamente por delitos que se les imputan y que no cometieron.<\/p>\n\n\n\n<p>Alrededor de las 11:00 horas, habitantes de la agencia de Santa Mar\u00eda Mixistl\u00e1n protestaron en la sede del Congreso del Estado, en el municipio de San Raymundo Jalpan, para exigir una reuni\u00f3n con diputados.<\/p>\n\n\n\n<p>Lo anterior  para exponerles una petici\u00f3n de separarse de su cabecera municipal, Mixistl\u00e1n de la Reforma, y convertirse en un municipio, ya que el ayuntamiento se ha negado a otorgarles participaciones municipales, adem\u00e1s de acusar al edil de diversas irregularidades.<\/p>\n\n\n\n<p>Mientras que frente a la iglesia de Santo Domingo de Guzm\u00e1n, en la ciudad de Oaxaca, autoridades agrarias y municipales de 17 localidades del distrito de Ocotl\u00e1n, demandaron no ser utilizado como tiradero de basura el municipio de San Mart\u00edn Tilcajete.<\/p>\n\n\n\n<p>Y es que aseguran que desde el sexenio de Gabino Cu\u00e9 Monteagudo  fueron despojados de un terreno de 43 hect\u00e1reas y hoy se pretende utilizar como vertedero de desechos de municipios de los Valles Centrales, a dos meses del cierre definitivo del tiradero ubicado en Zaachila.<\/p>\n","protected":false},"excerpt":{"rendered":"<p>Ismael Garc\u00eda M.\/Zona Roja. Oaxaca de Ju\u00e1rez, Oax., a 14 de diciembre de 2022.- En&hellip;<\/p>\n","protected":false},"author":2,"featured_media":49287,"comment_status":"closed","ping_status":"open","sticky":false,"template":"","format":"standard","meta":{"_lmt_disableupdate":"","_lmt_disable":"","_jetpack_memberships_contains_paid_content":false,"footnotes":""},"categories":[109,47],"tags":[2254],"class_list":["post-49286","post","type-post","status-publish","format-standard","has-post-thumbnail","hentry","category-minuto-a-minuto","category-zona-gris","tag-protestas-y-bloqueos-oaxaca"],"jetpack_featured_media_url":"https:\/\/zonaroja.com.mx\/wp-content\/uploads\/2022\/12\/Protesta-Eloxochitlan.jpg","jetpack_sharing_enabled":true,"_links":{"self":[{"href":"https:\/\/zonaroja.com.mx\/index.php?rest_route=\/wp\/v2\/posts\/49286","targetHints":{"allow":["GET"]}}],"collection":[{"href":"https:\/\/zonaroja.com.mx\/index.php?rest_route=\/wp\/v2\/posts"}],"about":[{"href":"https:\/\/zonaroja.com.mx\/index.php?rest_route=\/wp\/v2\/types\/post"}],"author":[{"embeddable":true,"href":"https:\/\/zonaroja.com.mx\/index.php?rest_route=\/wp\/v2\/users\/2"}],"replies":[{"embeddable":true,"href":"https:\/\/zonaroja.com.mx\/index.php?rest_route=%2Fwp%2Fv2%2Fcomments&post=49286"}],"version-history":[{"count":1,"href":"https:\/\/zonaroja.com.mx\/index.php?rest_route=\/wp\/v2\/posts\/49286\/revisions"}],"predecessor-version":[{"id":49288,"href":"https:\/\/zonaroja.com.mx\/index.php?rest_route=\/wp\/v2\/posts\/49286\/revisions\/49288"}],"wp:featuredmedia":[{"embeddable":true,"href":"https:\/\/zonaroja.com.mx\/index.php?rest_route=\/wp\/v2\/media\/49287"}],"wp:attachment":[{"href":"https:\/\/zonaroja.com.mx\/index.php?rest_route=%2Fwp%2Fv2%2Fmedia&parent=49286"}],"wp:term":[{"taxonomy":"category","embeddable":true,"href":"https:\/\/zonaroja.com.mx\/index.php?rest_route=%2Fwp%2Fv2%2Fcategories&post=49286"},{"taxonomy":"post_tag","embeddable":true,"href":"https:\/\/zonaroja.com.mx\/index.php?rest_route=%2Fwp%2Fv2%2Ftags&post=49286"}],"curies":[{"name":"wp","href":"https:\/\/api.w.org\/{rel}","templated":true}]}}