{"id":49290,"date":"2022-12-15T06:42:08","date_gmt":"2022-12-15T12:42:08","guid":{"rendered":"http:\/\/www.zonaroja.com.mx\/?p=49290"},"modified":"2022-12-15T06:42:10","modified_gmt":"2022-12-15T12:42:10","slug":"secuestran-y-matan-a-coronel-del-ejercito-en-el-estado-de-jalisco","status":"publish","type":"post","link":"https:\/\/zonaroja.com.mx\/?p=49290","title":{"rendered":"Secuestran y matan a coronel del Ej\u00e9rcito en el estado de Jalisco"},"content":{"rendered":"\n<p>Redacci\u00f3n\/Zona Roja Cdmx.<\/p>\n\n\n\n<p>Ciudad de M\u00e9xico, a 15 de diciembre de 2022.- Un coronel del Ej\u00e9rcito Mexicano fue hallado sin vida en el estado de Jalisco, con huellas de tortura, tras ser presuntamente plagiado.<\/p>\n\n\n\n<p>El Coronel de Caballer\u00eda Diplomado de Estado Mayor, Jos\u00e9 Isidro Grimaldo Mu\u00f1oz, hab\u00eda sido reportado como desaparecido; se desempe\u00f1aba como comandante del 16\/o. Regimiento de Caballer\u00eda Motorizado con sede en Nuevo Laredo, Tamaulipas.<\/p>\n\n\n\n<p>Seg\u00fan informes oficiales, estaba gozaba de su periodo vacacional, del 5 al 13 de diciembre de 2022, en los estados de Jalisco y Zacatecas, cuando se report\u00f3 su desaparici\u00f3n.<\/p>\n\n\n\n<p>El cuerpo sin vida fue hallado en la ciudad de Guadalajara, Jalisco, confirmaron organismos de auxilio y socorro; presentaba algunas huellas de golpes y tortura.<\/p>\n\n\n\n<p>Medios informativos de Jalisco informaron que momentos antes del hallazgo, y al revelar la informaci\u00f3n al p\u00fablico, se hall\u00f3 un autom\u00f3vil Mini Cooper en el municipio de Tonal\u00e1, en el que supuestamente viajaba el coronel, mismo que estaba vac\u00edo, no contaba con reporte de robo, pero s\u00ed ten\u00eda da\u00f1os como los vidrios rotos.<\/p>\n\n\n\n<p>Desde la desaparici\u00f3n, corporaciones policiacas, la Guardia Nacional y el Ej\u00e9rcito Mexicano iniciaron la b\u00fasqueda del militar.<\/p>\n\n\n\n<p>Hasta esta ma\u00f1ana, no hay informaci\u00f3n oficial respecto al fallecimiento y las causas del homicidio, como tampoco avances en las indagatorias acerca del o los probables autores del crimen.<\/p>\n","protected":false},"excerpt":{"rendered":"<p>Redacci\u00f3n\/Zona Roja Cdmx. Ciudad de M\u00e9xico, a 15 de diciembre de 2022.- Un coronel del&hellip;<\/p>\n","protected":false},"author":2,"featured_media":49291,"comment_status":"closed","ping_status":"open","sticky":false,"template":"","format":"standard","meta":{"_lmt_disableupdate":"","_lmt_disable":"","_jetpack_memberships_contains_paid_content":false,"footnotes":""},"categories":[109,51],"tags":[3352],"class_list":["post-49290","post","type-post","status-publish","format-standard","has-post-thumbnail","hentry","category-minuto-a-minuto","category-zona-roja","tag-jose-isidro-grimaldo-munoz"],"jetpack_featured_media_url":"https:\/\/zonaroja.com.mx\/wp-content\/uploads\/2022\/12\/Coronel-Jose-Isidro-Grimaldo.jpeg","jetpack_sharing_enabled":true,"_links":{"self":[{"href":"https:\/\/zonaroja.com.mx\/index.php?rest_route=\/wp\/v2\/posts\/49290","targetHints":{"allow":["GET"]}}],"collection":[{"href":"https:\/\/zonaroja.com.mx\/index.php?rest_route=\/wp\/v2\/posts"}],"about":[{"href":"https:\/\/zonaroja.com.mx\/index.php?rest_route=\/wp\/v2\/types\/post"}],"author":[{"embeddable":true,"href":"https:\/\/zonaroja.com.mx\/index.php?rest_route=\/wp\/v2\/users\/2"}],"replies":[{"embeddable":true,"href":"https:\/\/zonaroja.com.mx\/index.php?rest_route=%2Fwp%2Fv2%2Fcomments&post=49290"}],"version-history":[{"count":1,"href":"https:\/\/zonaroja.com.mx\/index.php?rest_route=\/wp\/v2\/posts\/49290\/revisions"}],"predecessor-version":[{"id":49292,"href":"https:\/\/zonaroja.com.mx\/index.php?rest_route=\/wp\/v2\/posts\/49290\/revisions\/49292"}],"wp:featuredmedia":[{"embeddable":true,"href":"https:\/\/zonaroja.com.mx\/index.php?rest_route=\/wp\/v2\/media\/49291"}],"wp:attachment":[{"href":"https:\/\/zonaroja.com.mx\/index.php?rest_route=%2Fwp%2Fv2%2Fmedia&parent=49290"}],"wp:term":[{"taxonomy":"category","embeddable":true,"href":"https:\/\/zonaroja.com.mx\/index.php?rest_route=%2Fwp%2Fv2%2Fcategories&post=49290"},{"taxonomy":"post_tag","embeddable":true,"href":"https:\/\/zonaroja.com.mx\/index.php?rest_route=%2Fwp%2Fv2%2Ftags&post=49290"}],"curies":[{"name":"wp","href":"https:\/\/api.w.org\/{rel}","templated":true}]}}