{"id":49293,"date":"2022-12-15T09:42:00","date_gmt":"2022-12-15T15:42:00","guid":{"rendered":"http:\/\/www.zonaroja.com.mx\/?p=49293"},"modified":"2022-12-15T06:50:34","modified_gmt":"2022-12-15T12:50:34","slug":"se-agrava-crisis-en-peru-decretan-estado-de-emergencia-por-un-mes","status":"publish","type":"post","link":"https:\/\/zonaroja.com.mx\/?p=49293","title":{"rendered":"Se agrava crisis en Per\u00fa; decretan estado de emergencia por un mes"},"content":{"rendered":"\n<p>Redacci\u00f3n\/Zona Roja Cdmx.<\/p>\n\n\n\n<p>Ciudad de M\u00e9xico, a 15 de diciembre de 2022.- El nuevo gobierno de Per\u00fa ha declarado el estado de emergencia por 30 d\u00edas en todo el pa\u00eds.<\/p>\n\n\n\n<p>El ministro de Defensa, Alberto Ot\u00e1rola, dijo que la medida se tom\u00f3 \u201cdebido a los hechos vand\u00e1licos, violentos, a la toma de carreteras y caminos, que ciertamente ya son actos que se est\u00e1n estabilizando y est\u00e1n siendo controlados por la Polic\u00eda Nacional y las Fuerzas Armadas y que requieren una respuesta contundente y de autoridad de parte del gobierno\u201d.<\/p>\n\n\n\n<p>Ot\u00e1rola dijo que a\u00fan se est\u00e1 por definir si la medida incluir\u00e1 un toque de queda.<\/p>\n\n\n\n<p>Desde el cambio de gobierno, se suceden las protestas, con un saldo hasta ahora de seis muertos y un centenar de heridos, seg\u00fan la Defensor\u00eda del Pueblo, adem\u00e1s de da\u00f1os a diversas propiedades de empresas y del Estado.&nbsp;<\/p>\n\n\n\n<p>Los manifestantes reclaman el cierre del Parlamento, adelanto de elecciones, renuncia de Dina Boluarte y algunos la libertad del expresidente Pedro Castillo.<\/p>\n\n\n\n<p>Se declar\u00f3 el estado de emergencia en momentos que Castillo afronta un pedido de la Fiscal\u00eda de extender su prisi\u00f3n preliminar a 18 meses, mientras se lo investiga por delitos de rebeli\u00f3n y conspiraci\u00f3n debido a la intentona de golpe de Estado del 7 de diciembre. La audiencia se pas\u00f3 al jueves.<\/p>\n\n\n\n<p>Castillo permanece con detenci\u00f3n preliminar de 7 d\u00edas, que se cumpli\u00f3 este mi\u00e9rcoles, pero deber\u00e1 seguir preso hasta que el Poder Judicial decida si acepta o no el pedido de la Fiscal\u00eda.<\/p>\n\n\n\n<p>El Poder Judicial convoc\u00f3 para el jueves por la ma\u00f1ana a la audiencia en que un juez debe escuchar los argumentos de la Fiscal\u00eda y la defensa del expresidente para luego decidir si aplica o no prisi\u00f3n preventiva a Castillo.<\/p>\n\n\n\n<p>El mi\u00e9rcoles se suspendi\u00f3 la sesi\u00f3n en que se iba a evaluar el caso, a pedido de la defensa del expresidente, que aleg\u00f3 no haber sido notificado.<\/p>\n\n\n\n<p>Una sala de la Corte Suprema ratific\u00f3 la v\u00edspera la detenci\u00f3n de siete d\u00edas a Castillo al rechazar la apelaci\u00f3n que present\u00f3 en intento de anular la orden judicial que lo tiene preso.<\/p>\n\n\n\n<p>Un argumento del tribunal para rechazar la apelaci\u00f3n y ratificar la detenci\u00f3n fue que el presidente mexicano Andr\u00e9s Manuel L\u00f3pez Obrador hab\u00eda contado que Castillo lo llam\u00f3 para pedirle asilo pol\u00edtico y se dirig\u00eda a la embajada de M\u00e9xico en Lima cuando fue detenido. El pedido de la Fiscal\u00eda tambi\u00e9n considera este argumento.<\/p>\n\n\n\n<p>El pedido de prisi\u00f3n preliminar incluye al ex primer ministro peruano An\u00edbal Torres, que est\u00e1 en la clandestinidad.<\/p>\n\n\n\n<p>Castillo, de 53 a\u00f1os, fue apresado el mi\u00e9rcoles pasado tras anunciar en un mensaje televisivo la disoluci\u00f3n del Congreso e intervenci\u00f3n a varias entidades p\u00fablicas sin dar un sustento legal.<\/p>\n\n\n\n<p>Vilma Vasquez Castillo, sobrina del expresidente Pedro Castillo, reproch\u00f3 la falta de comunicaci\u00f3n con su pariente a las afueras del recinto donde est\u00e1 detenido. \u201cNo nos dejan ingresar, queremos saber que esta pasando, como familiares no tenemos ninguna informaci\u00f3n\u201d, reclam\u00f3 fuera de la Direcci\u00f3n de Operaciones Especiales.<\/p>\n\n\n\n<p>(Informaci\u00f3n de la agencia AP en \u201cEl Financiero\u201d)<\/p>\n","protected":false},"excerpt":{"rendered":"<p>Redacci\u00f3n\/Zona Roja Cdmx. Ciudad de M\u00e9xico, a 15 de diciembre de 2022.- El nuevo gobierno&hellip;<\/p>\n","protected":false},"author":2,"featured_media":49294,"comment_status":"closed","ping_status":"open","sticky":false,"template":"","format":"standard","meta":{"_lmt_disableupdate":"","_lmt_disable":"","_jetpack_memberships_contains_paid_content":false,"footnotes":""},"categories":[109,47],"tags":[3353],"class_list":["post-49293","post","type-post","status-publish","format-standard","has-post-thumbnail","hentry","category-minuto-a-minuto","category-zona-gris","tag-crisis-en-peru"],"jetpack_featured_media_url":"https:\/\/zonaroja.com.mx\/wp-content\/uploads\/2022\/12\/Crisis-en-Peru.jpeg","jetpack_sharing_enabled":true,"_links":{"self":[{"href":"https:\/\/zonaroja.com.mx\/index.php?rest_route=\/wp\/v2\/posts\/49293","targetHints":{"allow":["GET"]}}],"collection":[{"href":"https:\/\/zonaroja.com.mx\/index.php?rest_route=\/wp\/v2\/posts"}],"about":[{"href":"https:\/\/zonaroja.com.mx\/index.php?rest_route=\/wp\/v2\/types\/post"}],"author":[{"embeddable":true,"href":"https:\/\/zonaroja.com.mx\/index.php?rest_route=\/wp\/v2\/users\/2"}],"replies":[{"embeddable":true,"href":"https:\/\/zonaroja.com.mx\/index.php?rest_route=%2Fwp%2Fv2%2Fcomments&post=49293"}],"version-history":[{"count":1,"href":"https:\/\/zonaroja.com.mx\/index.php?rest_route=\/wp\/v2\/posts\/49293\/revisions"}],"predecessor-version":[{"id":49295,"href":"https:\/\/zonaroja.com.mx\/index.php?rest_route=\/wp\/v2\/posts\/49293\/revisions\/49295"}],"wp:featuredmedia":[{"embeddable":true,"href":"https:\/\/zonaroja.com.mx\/index.php?rest_route=\/wp\/v2\/media\/49294"}],"wp:attachment":[{"href":"https:\/\/zonaroja.com.mx\/index.php?rest_route=%2Fwp%2Fv2%2Fmedia&parent=49293"}],"wp:term":[{"taxonomy":"category","embeddable":true,"href":"https:\/\/zonaroja.com.mx\/index.php?rest_route=%2Fwp%2Fv2%2Fcategories&post=49293"},{"taxonomy":"post_tag","embeddable":true,"href":"https:\/\/zonaroja.com.mx\/index.php?rest_route=%2Fwp%2Fv2%2Ftags&post=49293"}],"curies":[{"name":"wp","href":"https:\/\/api.w.org\/{rel}","templated":true}]}}