{"id":49296,"date":"2022-12-15T07:06:53","date_gmt":"2022-12-15T13:06:53","guid":{"rendered":"http:\/\/www.zonaroja.com.mx\/?p=49296"},"modified":"2022-12-15T07:06:55","modified_gmt":"2022-12-15T13:06:55","slug":"entierra-la-4t-al-ine-coordinador-de-la-bancada-de-morena-voto-en-contra","status":"publish","type":"post","link":"https:\/\/zonaroja.com.mx\/?p=49296","title":{"rendered":"Entierra la 4T al INE; coordinador de la bancada de Morena vot\u00f3 en contra"},"content":{"rendered":"\n<p>Redacci\u00f3n\/Zona Roja Cdmx.<\/p>\n\n\n\n<p>Ciudad de M\u00e9xico, a 15 de diciembre de 2022.- Con 69 votos a favor, 53 en contra y cero abstenciones, el Senado de la Rep\u00fablica aprob\u00f3 anoche el Plan B de la Reforma Electoral promovida por el presidente Andr\u00e9s Manuel L\u00f3pez Obrador (AMLO), esto despu\u00e9s de contar con un intercambio de ideas y descalificaciones tanto por los promotores de la llamada Cuarta Transformaci\u00f3n (4T) como de sus detractores.<\/p>\n\n\n\n<p>Durante la sesi\u00f3n ordinaria de este mi\u00e9rcoles 14 de diciembre, las y los senadores de todas las facciones pol\u00edticas fijaron postura en la que se\u00f1alaron los probables beneficios y da\u00f1os que traer\u00eda con sigo las modificaciones a las leyes General de Instituciones y Procedimientos Electorales, General de Partidos Pol\u00edticos y Org\u00e1nica del Poder Judicial; as\u00ed como la expedici\u00f3n de la Ley General de los Medios de Impugnaci\u00f3n en Materia Electoral.<\/p>\n\n\n\n<p>Como era de esperarse, los senadores del PRI, PAN, PRD, MC y Grupo Parlamentario Plural se posicionaron contra la iniciativa promovida por el jefe del Ejecutivo federal, pues alegaron que la verdadera intenci\u00f3n del presidente es conseguir un control ubicuo del Instituto Nacional Electoral (INE) y los dem\u00e1s organismos que operan para garantizar elecciones limpias y leg\u00edtimas.<\/p>\n\n\n\n<p>Por su cuenta, los promotores de la 4T (Morena, PT, PVEM y PES) se\u00f1alaron que lo que se busca es perfeccionar el modelo electoral de M\u00e9xico, esto en virtud de conseguir un Instituto m\u00e1s barato, pero sin que pierda su capacidad operativa; sin embargo, un miembro destacado de Regeneraci\u00f3n Nacional manifest\u00f3 un voto particular con el cual ir\u00eda en contra de la mayor\u00eda de su partido.<\/p>\n\n\n\n<p>Y es que Ricardo Monreal, coordinador de la bancada de Movimiento Regeneraci\u00f3n Nacional (Morena), disinti\u00f3 de la reforma de AMLO y dijo que, en lo personal, no ve con buenos ojos contradecir a la Constituci\u00f3n Pol\u00edtica de los Estados Unidos Mexicanos (CPEUM), algo que se vio reflejado al momento en el que los legisladores presentaron sus reservas de la Reforma Electoral, pues pr\u00e1cticamente se reservaron todos los art\u00edculos de todas las modificaciones y de la nueva Ley.<\/p>\n\n\n\n<p>\u201cNo puedo compartir que la Carta Magna se ignore o sea burlada. Soy un hombre que ense\u00f1a derecho. Soy idealista, no un pragm\u00e1tico feroz. La ley es el alma de la sociedad; sin ella, el caos y la anarqu\u00eda imperar\u00edan\u201d, dijo.<\/p>\n\n\n\n<p>En este sentido, aclar\u00f3 que es un asunto estrictamente personal, por lo que en esta decisi\u00f3n decidi\u00f3 no involucrar al grupo parlamentario que lidera: \u201ces un asunto que me mueve asumirlo con toda integridad y responsabilidad incluyendo los desenlaces y las consecuencias con lo que ello resulte\u201d.<\/p>\n\n\n\n<p>Cabe destacar que no fue el \u00fanico senador de la coalici\u00f3n Juntos Hacemos Historia que manifest\u00f3 tener reservas respecto a art\u00edculos espec\u00edficos; sin embargo, s\u00ed fue el \u00fanico de la 4T que hizo uso de la palabra en la Tribuna para manifestar su voto contra la iniciativa del presidente L\u00f3pez Obrador.<\/p>\n\n\n\n<p>Por ejemplo, C\u00e9sar Cravioto, de Morena, se\u00f1al\u00f3 tres inconsistencias en la argumentaci\u00f3n de la oposici\u00f3n. La primera que contradijo fue de que los opositores aseguran que no dieron tiempo de dialogar estas modificaciones; sin embargo, les record\u00f3 que este tema lleva seis meses sobre la agenda legislativa y que ellos dijeron que \u201cno iban, siquiera, a discutirla\u201d ni proponer nada al respecto: \u201dquien no quiso debatir estas leyes fueron ustedes\u201d.<\/p>\n\n\n\n<p>La segunda fue que si tanto les preocupa la inconstitucionalidad de la reforma, pueden acudir ante la Suprema Corte de Justicia de la Naci\u00f3n (SCJN) para promover controversias constitucionales si creen que las modificaciones a las leyes secundarias contravienen la Carta Magna. Finalmente, destac\u00f3 que Morena no necesita de la Reforma Electoral para ganar elecciones: \u201cles hemos ganado 22 gubernaturas del 2018 para ac\u00e1, les ganamos la mayor\u00eda en el congreso en 2018 y les volvimos a ganar en el 2021\u2033.<\/p>\n\n\n\n<p>(Informaci\u00f3n de Infobae M\u00e9xico)<\/p>\n","protected":false},"excerpt":{"rendered":"<p>Redacci\u00f3n\/Zona Roja Cdmx. Ciudad de M\u00e9xico, a 15 de diciembre de 2022.- Con 69 votos&hellip;<\/p>\n","protected":false},"author":2,"featured_media":49297,"comment_status":"closed","ping_status":"open","sticky":false,"template":"","format":"standard","meta":{"_lmt_disableupdate":"","_lmt_disable":"","_jetpack_memberships_contains_paid_content":false,"footnotes":""},"categories":[109,47],"tags":[3339],"class_list":["post-49296","post","type-post","status-publish","format-standard","has-post-thumbnail","hentry","category-minuto-a-minuto","category-zona-gris","tag-reforma-electoral-mexico"],"jetpack_featured_media_url":"https:\/\/zonaroja.com.mx\/wp-content\/uploads\/2022\/12\/Senado-aprueba-plab-b.jpeg","jetpack_sharing_enabled":true,"_links":{"self":[{"href":"https:\/\/zonaroja.com.mx\/index.php?rest_route=\/wp\/v2\/posts\/49296","targetHints":{"allow":["GET"]}}],"collection":[{"href":"https:\/\/zonaroja.com.mx\/index.php?rest_route=\/wp\/v2\/posts"}],"about":[{"href":"https:\/\/zonaroja.com.mx\/index.php?rest_route=\/wp\/v2\/types\/post"}],"author":[{"embeddable":true,"href":"https:\/\/zonaroja.com.mx\/index.php?rest_route=\/wp\/v2\/users\/2"}],"replies":[{"embeddable":true,"href":"https:\/\/zonaroja.com.mx\/index.php?rest_route=%2Fwp%2Fv2%2Fcomments&post=49296"}],"version-history":[{"count":1,"href":"https:\/\/zonaroja.com.mx\/index.php?rest_route=\/wp\/v2\/posts\/49296\/revisions"}],"predecessor-version":[{"id":49298,"href":"https:\/\/zonaroja.com.mx\/index.php?rest_route=\/wp\/v2\/posts\/49296\/revisions\/49298"}],"wp:featuredmedia":[{"embeddable":true,"href":"https:\/\/zonaroja.com.mx\/index.php?rest_route=\/wp\/v2\/media\/49297"}],"wp:attachment":[{"href":"https:\/\/zonaroja.com.mx\/index.php?rest_route=%2Fwp%2Fv2%2Fmedia&parent=49296"}],"wp:term":[{"taxonomy":"category","embeddable":true,"href":"https:\/\/zonaroja.com.mx\/index.php?rest_route=%2Fwp%2Fv2%2Fcategories&post=49296"},{"taxonomy":"post_tag","embeddable":true,"href":"https:\/\/zonaroja.com.mx\/index.php?rest_route=%2Fwp%2Fv2%2Ftags&post=49296"}],"curies":[{"name":"wp","href":"https:\/\/api.w.org\/{rel}","templated":true}]}}