{"id":49299,"date":"2022-12-15T07:40:46","date_gmt":"2022-12-15T13:40:46","guid":{"rendered":"http:\/\/www.zonaroja.com.mx\/?p=49299"},"modified":"2022-12-15T07:40:48","modified_gmt":"2022-12-15T13:40:48","slug":"da-entrada-congreso-de-oaxaca-a-propuesta-de-revocacion-de-mandato-de-jara","status":"publish","type":"post","link":"https:\/\/zonaroja.com.mx\/?p=49299","title":{"rendered":"Da entrada Congreso de Oaxaca a propuesta de revocaci\u00f3n de mandato de Jara"},"content":{"rendered":"\n<p>Redacci\u00f3n\/Zona Roja.<\/p>\n\n\n\n<p>Oaxaca de Ju\u00e1rez, Oax., a 15 de diciembre de 2022.- El Congreso del Estado de Oaxaca recibi\u00f3 este mi\u00e9rcoles una iniciativa con proyecto de decreto para expedir la Ley de Revocaci\u00f3n de Mandato, enviada por el gobernador Salom\u00f3n Jara Cruz.<\/p>\n\n\n\n<p>Con ello se reformar\u00edan tambi\u00e9n diversas disposiciones a la Constituci\u00f3n Pol\u00edtica local y a la Ley de Participaci\u00f3n Ciudadana del estado, para someterse a la Revocaci\u00f3n de Mandato, y otorgarle de esta manera todo el poder al pueblo oaxaque\u00f1o para decidir sobre su historia.<\/p>\n\n\n\n<p>Seg\u00fan el Gobierno del Estado, una vez concluido todo el proceso legislativo, ser\u00e1n los ciudadanos oaxaque\u00f1os quienes por fin se conviertan en verdaderos protagonistas de la democracia.<\/p>\n\n\n\n<p>De acuerdo con un comunicado de prensa, \u201cOaxaca hoy cuenta con un gobierno del pueblo y para el pueblo que, a diferencia de los anteriores, se debe ejercer el poder pol\u00edtico de manera democr\u00e1tica para beneficio de las mayor\u00edas y no s\u00f3lo de unos cuantos sectores privilegiados\u201d.<\/p>\n\n\n\n<p>Abund\u00f3 que, pese a que en el 2011 se instituyeron diversos mecanismos, entre estos la revocaci\u00f3n de mandato, fue materialmente imposible y nunca se mostr\u00f3 voluntad pol\u00edtica para crear las condiciones legales \u00f3ptimas que permitieran el ejercicio del derecho ciudadano a solicitar este proceso.<\/p>\n\n\n\n<p>Esta reforma plantea directrices espec\u00edficas para el ejercicio del derecho ciudadano de car\u00e1cter revocatorio; adem\u00e1s, propone actualizar y perfeccionar el marco Constitucional y expedir la Ley de Revocaci\u00f3n de Mandato, as\u00ed como reformar disposiciones de la Ley de Participaci\u00f3n Ciudadana del Estado.<\/p>\n\n\n\n<p>En la Constituci\u00f3n Pol\u00edtica de los Estados Unidos Mexicanos, la ciudadan\u00eda cuenta con los instrumentos necesarios para ejercer su derecho y solicitar la revocaci\u00f3n de mandato del Presidente de la Rep\u00fablica y sus respectivos gobernadores, debiendo cumplir con requisitos muy precisos para su procedencia, legitimidad y validez de los resultados, por lo que en Oaxaca se trabaja para la homologaci\u00f3n y armonizaci\u00f3n de la legislaci\u00f3n en la materia.<\/p>\n\n\n\n<p>AVALAN LEY DE INGRESOS<\/p>\n\n\n\n<p>Por otra parte, durante la sesi\u00f3n extraordinaria de ayer, tras concluir la ordinaria, el Pleno de la 65 Legislatura local aval\u00f3 el dictamen resuelto por la Comisi\u00f3n Permanente de Hacienda, quien explic\u00f3 que la iniciativa aprobada contiene los conceptos y montos estimados a recaudar durante el siguiente a\u00f1o, y lo cual dar\u00e1 soporte al Presupuesto de Egresos 2023.<\/p>\n\n\n\n<p>Se estima para el siguiente a\u00f1o, ingresos totales de 92 mil 229 millones 479 mil 717 pesos, lo que significa un crecimiento del 10.05 por ciento respecto a la Ley de Ingresos 2022.<\/p>\n\n\n\n<p>De igual manera, se aprobaron con 35 votos la Ley General de Ingresos Municipales para el ejercicio fiscal 2023, y el dictamen que establece los porcentajes, f\u00f3rmulas y variables utilizadas para la distribuci\u00f3n de los fondos que integran las participaciones a los municipios del estado de Oaxaca, para el siguiente a\u00f1o.<\/p>\n\n\n\n<p>Asimismo, se avalaron las reformas a la Ley de Coordinaci\u00f3n Fiscal de Oaxaca, a la Ley Estatal de Derechos y a la Ley Estatal de Hacienda.<\/p>\n\n\n\n<p>CAMBIOS A LEY ORG\u00c1NICA<\/p>\n\n\n\n<p>En tanto, para reforzar el marco normativo del Congreso de Oaxaca, el pleno de la 65 Legislatura local aprob\u00f3 una serie de reformas a la Ley Org\u00e1nica del Poder Legislativo del Estado y al Reglamento Interior, durante la sesi\u00f3n ordinaria de este mi\u00e9rcoles.<\/p>\n\n\n\n<p>Con 31 votos a favor, la C\u00e1mara de Diputados aval\u00f3 la modificaci\u00f3n al art\u00edculo 66 del Reglamento Interior del Congreso de Oaxaca.&nbsp;<\/p>\n\n\n\n<p>Esta iniciativa propuesta establece que en caso de que las iniciativas impliquen un impacto presupuestal, la comisi\u00f3n o comisiones deber\u00e1n solicitar al Centro de Estudios Econ\u00f3micos y de Finanzas P\u00fablicas y a la Secretar\u00eda de Finanzas del Gobierno del Estado, una proyecci\u00f3n de dicho efecto.<\/p>\n\n\n\n<p>Igualmente, con 32 y 30 votos, el Pleno Parlamentario aprob\u00f3 las reformas a los art\u00edculos 3, 65 y 110 de la Ley Org\u00e1nica del Poder Legislativo y el 42 del Reglamento Interior del Congreso, para armonizar la denominaci\u00f3n jur\u00eddica de las Comisiones Permanentes del Poder Legislativo con el nombre que corresponde a las dependencias del gobierno estatal.<\/p>\n\n\n\n<p>Lo anterior, luego de que el 23 de noviembre de 2022 el Congreso reform\u00f3 la Ley Org\u00e1nica del Poder Ejecutivo para el cambio de nombre de algunas secretar\u00edas y la creaci\u00f3n de otras. Y el 7 de diciembre, la aprobaci\u00f3n de la reforma a la Constituci\u00f3n del Estado en materia de Fiscalizaci\u00f3n Superior.&nbsp;<\/p>\n","protected":false},"excerpt":{"rendered":"<p>Redacci\u00f3n\/Zona Roja. Oaxaca de Ju\u00e1rez, Oax., a 15 de diciembre de 2022.- El Congreso del&hellip;<\/p>\n","protected":false},"author":2,"featured_media":49300,"comment_status":"closed","ping_status":"open","sticky":false,"template":"","format":"standard","meta":{"_lmt_disableupdate":"","_lmt_disable":"","_jetpack_memberships_contains_paid_content":false,"footnotes":""},"categories":[109,46],"tags":[2743],"class_list":["post-49299","post","type-post","status-publish","format-standard","has-post-thumbnail","hentry","category-minuto-a-minuto","category-zona-blanca","tag-65-legislatura-del-estado-de-oaxaca"],"jetpack_featured_media_url":"https:\/\/zonaroja.com.mx\/wp-content\/uploads\/2022\/12\/Sesion-Congreso-Oaxaca.jpeg","jetpack_sharing_enabled":true,"_links":{"self":[{"href":"https:\/\/zonaroja.com.mx\/index.php?rest_route=\/wp\/v2\/posts\/49299","targetHints":{"allow":["GET"]}}],"collection":[{"href":"https:\/\/zonaroja.com.mx\/index.php?rest_route=\/wp\/v2\/posts"}],"about":[{"href":"https:\/\/zonaroja.com.mx\/index.php?rest_route=\/wp\/v2\/types\/post"}],"author":[{"embeddable":true,"href":"https:\/\/zonaroja.com.mx\/index.php?rest_route=\/wp\/v2\/users\/2"}],"replies":[{"embeddable":true,"href":"https:\/\/zonaroja.com.mx\/index.php?rest_route=%2Fwp%2Fv2%2Fcomments&post=49299"}],"version-history":[{"count":1,"href":"https:\/\/zonaroja.com.mx\/index.php?rest_route=\/wp\/v2\/posts\/49299\/revisions"}],"predecessor-version":[{"id":49301,"href":"https:\/\/zonaroja.com.mx\/index.php?rest_route=\/wp\/v2\/posts\/49299\/revisions\/49301"}],"wp:featuredmedia":[{"embeddable":true,"href":"https:\/\/zonaroja.com.mx\/index.php?rest_route=\/wp\/v2\/media\/49300"}],"wp:attachment":[{"href":"https:\/\/zonaroja.com.mx\/index.php?rest_route=%2Fwp%2Fv2%2Fmedia&parent=49299"}],"wp:term":[{"taxonomy":"category","embeddable":true,"href":"https:\/\/zonaroja.com.mx\/index.php?rest_route=%2Fwp%2Fv2%2Fcategories&post=49299"},{"taxonomy":"post_tag","embeddable":true,"href":"https:\/\/zonaroja.com.mx\/index.php?rest_route=%2Fwp%2Fv2%2Ftags&post=49299"}],"curies":[{"name":"wp","href":"https:\/\/api.w.org\/{rel}","templated":true}]}}