{"id":49303,"date":"2022-12-15T09:30:00","date_gmt":"2022-12-15T15:30:00","guid":{"rendered":"http:\/\/www.zonaroja.com.mx\/?p=49303"},"modified":"2022-12-15T07:53:30","modified_gmt":"2022-12-15T13:53:30","slug":"denuncia-jueza-civica-de-salina-cruz-violencia-politica-por-edil-mendez-sosa","status":"publish","type":"post","link":"https:\/\/zonaroja.com.mx\/?p=49303","title":{"rendered":"Denuncia jueza c\u00edvica de Salina Cruz violencia pol\u00edtica por edil M\u00e9ndez Sosa"},"content":{"rendered":"\n<p>Yuridiana Sosa\/Zona Roja.<\/p>\n\n\n\n<p>Oaxaca de Ju\u00e1rez, Oax., 15 de diciembre de 2022.- El presidente municipal de Salina Cruz, Daniel M\u00e9ndez Sosa, emanado de Morena, fue denunciado p\u00fablicamente de ejercer violencia pol\u00edtica en raz\u00f3n de g\u00e9nero contra la jueza c\u00edvica calificadora, Domitila Carrasco, a quien tratan de despedir de manera injustificada y previamente haber cometido hostigamiento laboral trav\u00e9s de terceros.<\/p>\n\n\n\n<p>\u201cNo me interesa hablar contigo, mucho menos te quiero o\u00edr y mucho menos te quiero ver\u00bb, fue la expresi\u00f3n del presidente municipal al momento que la Jueza c\u00edvica solicit\u00f3 un di\u00e1logo, se\u00f1al\u00f3 la afectada en entrevista con un medio local del municipio istme\u00f1o.<\/p>\n\n\n\n<p>Domitila Carrasco tom\u00f3 funciones en la administraci\u00f3n municipal de Salina Cruz en agosto tras la separaci\u00f3n del cargo y posteriormente la detenci\u00f3n de Joel Alberto Luis Vel\u00e1squez, el 24 de agosto, por su probable responsabilidad en la muerte de Abigail Hay Urrutia en los separos municipales; recientemente puesto en libertad.<\/p>\n\n\n\n<p>La afectada detall\u00f3 al informativo \u201cEl Rufi\u00e1n de las Noticias\u201d que el martes por la tarde la mand\u00f3 a llamar la s\u00edndica municipal, Cibeles Chi\u00f1as de la Cruz, quien requiri\u00f3 su renuncia son motivo legal que sustente la finalidad de su relaci\u00f3n laboral; por lo que se neg\u00f3 a firmar documento alguno, as\u00ed como le negaron el acceso a la comisar\u00eda y a su juzgado.<\/p>\n\n\n\n<p>En el interior de su oficina cuenta con pertenencias laborales y dinero en efectivo, por un monto de 50 mil pesos.<\/p>\n\n\n\n<p>Carrasco apunt\u00f3 que por \u00f3rdenes del presidente, los ingresos de las multas a ciudadanos que se aplicaban desde ese juzgado eran entregados directamente a presidencia y no a tesorer\u00eda, lo cual tambi\u00e9n manifest\u00f3 a la s\u00edndica.<\/p>\n\n\n\n<p>Adem\u00e1s, durante su desempe\u00f1o no tuvo el pago correspondiente por cubrir dos turnos o de 24 horas al no contar con relevo. Ni d\u00edas de descanso.<\/p>\n\n\n\n<p>Durante su labor, agreg\u00f3, tambi\u00e9n era hostigada por Chi\u00f1as de la Cruz, quien la vigilaba por medio de otros empleados cuando por asuntos personales o privados sal\u00eda de la oficina, quien le llamaba para cuestionarla sobre su estancia en alg\u00fan lugar y si no le parec\u00eda le ordenaba que se retirara.<\/p>\n\n\n\n<p>Domitila Carrasco manifest\u00f3 que teme por su integridad f\u00edsica. \u201cExijo seguridad para mi familia, porque no s\u00e9 con qu\u00e9 personas vine a hacer compromisos\u201d, y responsabiliz\u00f3 a los elementos policiales y al comisario del extrav\u00edo de documentaci\u00f3n legal o dinero.<\/p>\n\n\n\n<p>Hasta el momento la autoridad municipal a cargo de M\u00e9ndez Sosa no se ha pronunciado al respecto.<\/p>\n","protected":false},"excerpt":{"rendered":"<p>Yuridiana Sosa\/Zona Roja. Oaxaca de Ju\u00e1rez, Oax., 15 de diciembre de 2022.- El presidente municipal&hellip;<\/p>\n","protected":false},"author":2,"featured_media":49304,"comment_status":"closed","ping_status":"open","sticky":false,"template":"","format":"standard","meta":{"_lmt_disableupdate":"","_lmt_disable":"","_jetpack_memberships_contains_paid_content":false,"footnotes":""},"categories":[109,47],"tags":[2738,168],"class_list":["post-49303","post","type-post","status-publish","format-standard","has-post-thumbnail","hentry","category-minuto-a-minuto","category-zona-gris","tag-daniel-mendez-sosa","tag-salina-cruz"],"jetpack_featured_media_url":"https:\/\/zonaroja.com.mx\/wp-content\/uploads\/2022\/12\/Juez-civica-y-Daniel-Mendez-Sosa.jpg","jetpack_sharing_enabled":true,"_links":{"self":[{"href":"https:\/\/zonaroja.com.mx\/index.php?rest_route=\/wp\/v2\/posts\/49303","targetHints":{"allow":["GET"]}}],"collection":[{"href":"https:\/\/zonaroja.com.mx\/index.php?rest_route=\/wp\/v2\/posts"}],"about":[{"href":"https:\/\/zonaroja.com.mx\/index.php?rest_route=\/wp\/v2\/types\/post"}],"author":[{"embeddable":true,"href":"https:\/\/zonaroja.com.mx\/index.php?rest_route=\/wp\/v2\/users\/2"}],"replies":[{"embeddable":true,"href":"https:\/\/zonaroja.com.mx\/index.php?rest_route=%2Fwp%2Fv2%2Fcomments&post=49303"}],"version-history":[{"count":2,"href":"https:\/\/zonaroja.com.mx\/index.php?rest_route=\/wp\/v2\/posts\/49303\/revisions"}],"predecessor-version":[{"id":49306,"href":"https:\/\/zonaroja.com.mx\/index.php?rest_route=\/wp\/v2\/posts\/49303\/revisions\/49306"}],"wp:featuredmedia":[{"embeddable":true,"href":"https:\/\/zonaroja.com.mx\/index.php?rest_route=\/wp\/v2\/media\/49304"}],"wp:attachment":[{"href":"https:\/\/zonaroja.com.mx\/index.php?rest_route=%2Fwp%2Fv2%2Fmedia&parent=49303"}],"wp:term":[{"taxonomy":"category","embeddable":true,"href":"https:\/\/zonaroja.com.mx\/index.php?rest_route=%2Fwp%2Fv2%2Fcategories&post=49303"},{"taxonomy":"post_tag","embeddable":true,"href":"https:\/\/zonaroja.com.mx\/index.php?rest_route=%2Fwp%2Fv2%2Ftags&post=49303"}],"curies":[{"name":"wp","href":"https:\/\/api.w.org\/{rel}","templated":true}]}}