{"id":49307,"date":"2022-12-15T10:53:00","date_gmt":"2022-12-15T16:53:00","guid":{"rendered":"http:\/\/www.zonaroja.com.mx\/?p=49307"},"modified":"2022-12-15T08:22:15","modified_gmt":"2022-12-15T14:22:15","slug":"presentan-ieepco-e-inpi-resultados-de-proyecto-a-favor-de-derechos-politicos-de-mujeres","status":"publish","type":"post","link":"https:\/\/zonaroja.com.mx\/?p=49307","title":{"rendered":"Presentan IEEPCO e INPI resultados de proyecto a favor de derechos pol\u00edticos de mujeres"},"content":{"rendered":"\n<p>Redacci\u00f3n\/Zona Roja.<\/p>\n\n\n\n<p>Oaxaca de Ju\u00e1rez, Oax., a 15 de diciembre de 2022.- El Instituto Estatal Electoral y de Participaci\u00f3n Ciudadana de Oaxaca, a trav\u00e9s de la Unidad T\u00e9cnica de Igualdad de G\u00e9nero y No Discriminaci\u00f3n, realiz\u00f3 la presentaci\u00f3n de resultados del proyecto titulado \u201cParticipaci\u00f3n pol\u00edtica y paridad electoral de las mujeres en municipios del r\u00e9gimen de Sistemas Normativos Ind\u00edgenas\u201d, el cual se llev\u00f3 a cabo en coordinaci\u00f3n con el Instituto Nacional de los Pueblos Ind\u00edgenas (INPI).<\/p>\n\n\n\n<p>La actividad estuvo encabezada por la consejera presidenta del \u00f3rgano electoral, Elizabeth S\u00e1nchez Gonz\u00e1lez; el titular de la oficina de representaci\u00f3n del INPI en Oaxaca, Jer\u00f3nimo L\u00f3pez Mar\u00edn; la promotora del proyecto y regidora electa de San Juan Mixtepec, Fel\u00edcitas Cruz Bautista; la encargada de despacho de la Unidad T\u00e9cnica de Igualdad de G\u00e9nero y No Discriminaci\u00f3n, Mayra Morales Aldaz; as\u00ed como la consejera electoral, Zaira Alhel\u00ed Hip\u00f3lito L\u00f3pez, como invitada especial.<\/p>\n\n\n\n<p>Durante su intervenci\u00f3n, Elizabeth S\u00e1nchez Gonz\u00e1lez dio a conocer que, como parte del proyecto, se realizaron 17 foros regionales en la Mixteca, Sierra Ju\u00e1rez, Ca\u00f1ada y Valles Centrales, donde se atendieron los 16 pueblos ind\u00edgenas que se encuentran presentes en el estado, as\u00ed como el pueblo afromexicano.<\/p>\n\n\n\n<p>As\u00ed mismo, se cont\u00f3 con la participaci\u00f3n de 243 municipios con un total de 1,634 personas integrantes de Cabildos en funciones, integrantes de mesas de debates o consejeros electorales, autoridades electas y ciudadan\u00eda de las comunidades; 911 mujeres y 723 varones.<\/p>\n\n\n\n<p>El proyecto incluy\u00f3 un Foro con Organizaciones de la Sociedad Civil, un Foro con Mujeres Electas, diversas mesas de trabajo, as\u00ed como talleres con 83 municipios en los cuales participaron un total de 2,885 personas, de las cuales 1,366 fueron mujeres y 1,519 varones.&nbsp;&nbsp;<\/p>\n\n\n\n<p>S\u00e1nchez Gonz\u00e1lez reconoci\u00f3 el acompa\u00f1amiento del INPI para la realizaci\u00f3n del proyecto, el intenso trabajo realizado por la Unidad T\u00e9cnica de Igualdad de G\u00e9nero y No Discriminaci\u00f3n del IEEPCO y la labor de las 10 mujeres ind\u00edgenas que fungieron como facilitadoras y promotoras; adem\u00e1s asegur\u00f3 que el \u00f3rgano electoral est\u00e1 comprometido en mantenerse cercano a las comunidades ind\u00edgenas.<\/p>\n\n\n\n<p>Por \u00faltimo, detall\u00f3 que es obligaci\u00f3n de todas las autoridades del Estado generar las condiciones id\u00f3neas para garantizar el ejercicio pleno de los derechos de las mujeres, incluida la participaci\u00f3n pol\u00edtica libre de violencia.<\/p>\n\n\n\n<p>COMPARTEN EXPERIENCIAS<\/p>\n\n\n\n<p>Mientras que, en representaci\u00f3n de las diez facilitadoras y promotoras del proyecto, Fel\u00edcitas Cruz Bautista comparti\u00f3 su experiencia y asegur\u00f3 que la participaci\u00f3n de las mujeres es fundamental al interior de las comunidades ind\u00edgenas.<\/p>\n\n\n\n<p>As\u00ed mismo, manifest\u00f3 que los procesos formativos no deben ser \u00fanicamente en el marco de los procesos electivos, por el contrario, deben mantenerse de forma permanente en acompa\u00f1amiento a las mujeres que buscan acceder a los cargos de representaci\u00f3n popular.<\/p>\n\n\n\n<p>Finalmente, Jer\u00f3nimo L\u00f3pez Mar\u00edn, titular de la oficina de representaci\u00f3n del INPI en Oaxaca, record\u00f3 que el proyecto se realiz\u00f3 en el marco de la firma de convenio entre ambas instituciones y con la finalidad de impulsar la participaci\u00f3n pol\u00edtica de las mujeres al interior de las comunidades ind\u00edgenas.<\/p>\n\n\n\n<p>Tambi\u00e9n recalc\u00f3 el compromiso del INPI para coadyuvar, garantizar y salvaguardar los derechos de las mujeres ind\u00edgenas y afromexicanas, incluida su participaci\u00f3n pol\u00edtica en los diferentes niveles de gobierno.<\/p>\n\n\n\n<p>En el marco del evento se hizo entrega del informe de resultados a las autoridades municipales asistentes, siendo la sindica municipal electa de San Pedro Nopala, Balbina Rojas Bravo y la presidenta municipal de San Miguel Amatl\u00e1n, X\u00f3chitl L\u00f3pez Santiago, quienes lo recibieron de manera simb\u00f3lica&nbsp;<\/p>\n\n\n\n<p>Adem\u00e1s, se entreg\u00f3 reconocimiento a las mujeres que participaron como promotoras de los derechos pol\u00edtico-electorales como parte del proyecto, siendo Berenice Miguel Santiago y Felicitas Cruz Bautista las representantes.<\/p>\n","protected":false},"excerpt":{"rendered":"<p>Redacci\u00f3n\/Zona Roja. Oaxaca de Ju\u00e1rez, Oax., a 15 de diciembre de 2022.- El Instituto Estatal&hellip;<\/p>\n","protected":false},"author":2,"featured_media":49308,"comment_status":"closed","ping_status":"open","sticky":false,"template":"","format":"standard","meta":{"_lmt_disableupdate":"","_lmt_disable":"","_jetpack_memberships_contains_paid_content":false,"footnotes":""},"categories":[109,46],"tags":[2932],"class_list":["post-49307","post","type-post","status-publish","format-standard","has-post-thumbnail","hentry","category-minuto-a-minuto","category-zona-blanca","tag-instituto-estatal-electoral-y-de-participacion-ciudadana-de-oaxaca-ieepco"],"jetpack_featured_media_url":"https:\/\/zonaroja.com.mx\/wp-content\/uploads\/2022\/12\/Informe-foros-IEEPCO.jpeg","jetpack_sharing_enabled":true,"_links":{"self":[{"href":"https:\/\/zonaroja.com.mx\/index.php?rest_route=\/wp\/v2\/posts\/49307","targetHints":{"allow":["GET"]}}],"collection":[{"href":"https:\/\/zonaroja.com.mx\/index.php?rest_route=\/wp\/v2\/posts"}],"about":[{"href":"https:\/\/zonaroja.com.mx\/index.php?rest_route=\/wp\/v2\/types\/post"}],"author":[{"embeddable":true,"href":"https:\/\/zonaroja.com.mx\/index.php?rest_route=\/wp\/v2\/users\/2"}],"replies":[{"embeddable":true,"href":"https:\/\/zonaroja.com.mx\/index.php?rest_route=%2Fwp%2Fv2%2Fcomments&post=49307"}],"version-history":[{"count":1,"href":"https:\/\/zonaroja.com.mx\/index.php?rest_route=\/wp\/v2\/posts\/49307\/revisions"}],"predecessor-version":[{"id":49309,"href":"https:\/\/zonaroja.com.mx\/index.php?rest_route=\/wp\/v2\/posts\/49307\/revisions\/49309"}],"wp:featuredmedia":[{"embeddable":true,"href":"https:\/\/zonaroja.com.mx\/index.php?rest_route=\/wp\/v2\/media\/49308"}],"wp:attachment":[{"href":"https:\/\/zonaroja.com.mx\/index.php?rest_route=%2Fwp%2Fv2%2Fmedia&parent=49307"}],"wp:term":[{"taxonomy":"category","embeddable":true,"href":"https:\/\/zonaroja.com.mx\/index.php?rest_route=%2Fwp%2Fv2%2Fcategories&post=49307"},{"taxonomy":"post_tag","embeddable":true,"href":"https:\/\/zonaroja.com.mx\/index.php?rest_route=%2Fwp%2Fv2%2Ftags&post=49307"}],"curies":[{"name":"wp","href":"https:\/\/api.w.org\/{rel}","templated":true}]}}