{"id":4931,"date":"2019-10-18T10:57:37","date_gmt":"2019-10-18T15:57:37","guid":{"rendered":"http:\/\/www.zonaroja.com.mx\/?p=4931"},"modified":"2019-10-18T10:57:40","modified_gmt":"2019-10-18T15:57:40","slug":"agresores-de-mujeres-presentes-en-la-filo-denuncia-marea-verde","status":"publish","type":"post","link":"https:\/\/zonaroja.com.mx\/?p=4931","title":{"rendered":"Agresores de mujeres presentes, en la FILO, denuncia \u201cMarea Verde\u201d"},"content":{"rendered":"\n<p>Evlin Arag\u00f3n\/Zona Roja.<\/p>\n\n\n\n<p>Oaxaca de Ju\u00e1rez, Oax., 18 de octubre\nde 2019.- Integrantes de \u201cMarea Verde\u201d lanzaron un nuevo comunicado para\ndenunciar que al interior de la Feria Internacional de Libro de Oaxaca (FILO)\nest\u00e1n anunciados escritores e integrantes de la comunidad art\u00edstica acusados de\nabusos en contra de las mujeres a trav\u00e9s del movimiento #MeToo, por lo que\ninsistieron en que el abordaje de los feminismos al interior de la actividad es\nsolo una simulaci\u00f3n. <\/p>\n\n\n\n<p>\u201cNos parece muy grave que asistan a la\nFILO, por invitaci\u00f3n de los mismos organizadores o directivos, \u2018escritores y\npoetas\u2019 se\u00f1alados en #MeToo por acoso, agresi\u00f3n sexual, psicol\u00f3gica e incluso\nviolaci\u00f3n\u201d, explicaron en el documento que difundieron a trav\u00e9s de sus redes\nsociales.<\/p>\n\n\n\n<p>Como incongruencia y burla por parte de\nlos organizadores fueron se\u00f1alados los anuncios de actividades con Carlos Renter\u00eda,\nInti Garc\u00eda Santamar\u00eda y Eduardo Ismael Salud Salud, quienes fueron se\u00f1alados\nen redes sociales de acoso, hostigamiento y agresi\u00f3n sexual as\u00ed como violencia\npsicol\u00f3gica por varias mujeres. <\/p>\n\n\n\n<p>\u201cNo vamos a olvidar que Carlos Renter\u00eda\ntiene m\u00e1s de 20 denuncias por acoso, abuso y hostigamiento sexual. Inti Garc\u00eda\nSantamar\u00eda, antecedentes de manipulaci\u00f3n, agresi\u00f3n sexual y violencia\npsicol\u00f3gica, en tanto que Eduardo Ismael Salud Salud del Colectivo Cuenteros\ntiene se\u00f1alamientos mucho m\u00e1s graves\u201d, explicaron a la par que compartieron\ncapturas de pantalla de las denuncias que se hicieron en twitter en el marco\ndel #MeToo.<\/p>\n\n\n\n<p>Recordaron que desde el mes de marzo de\neste a\u00f1o las denuncias en las redes sociales se multiplicaron y dieron la\nvuelta al mundo dando fe de las m\u00faltiples agresiones hacia las mujeres al\ninterior&nbsp; de la comunidad art\u00edstica y de\nforma particular la literaria. <\/p>\n\n\n\n<p>En este sentido, indicaron que la FILO\nno puede ni debe permitir la participaci\u00f3n de personajes se\u00f1alados como\nagresores de mujeres, particularmente en una emisi\u00f3n donde se ha jactado de\nestar dedicada a la poblaci\u00f3n femenina y que ha negado se trate de un asunto de\noportunismo por parte de sus organizadores.<\/p>\n\n\n\n<p>\u201cTrabajar para eliminar las violencias,\npero invitar a acosadores a sus foros es una gran contradicci\u00f3n que no\ndejaremos de se\u00f1alar. Es muy grave que se contin\u00faen perpetuando estas pr\u00e1cticas\ny que las compa\u00f1eras que los se\u00f1alan no sean escuchadas\u201d, manifestaron.<\/p>\n\n\n\n<p>Reiteraron que la presencia de estos\ntres personajes en foros de la Feria del Libro, constituye una omisi\u00f3n a las\ndenuncias de las mujeres y que los organizadores no tienen el menor inter\u00e9s en\ncambiar esas pr\u00e1cticas patriarcales al interior de los espacios dedicados a las\nletras y artes, que precisamente son de los m\u00e1s denunciados. <\/p>\n\n\n\n<p>Finalmente insistieron en que no se\ntrata de deslegitimar el trabajo de las mujeres que participaron en el Comit\u00e9\nOrganizador de este a\u00f1o y por el contrario aseguraron que no tienen nada en\ncontra de ellas, a la par que indicaron no emitir\u00e1n m\u00e1s comentarios con\nrespecto a la FILO.<\/p>\n\n\n\n<p>\u201cA los agresores que participan en la\nFILO les decimos que: \u00a1NO TENDR\u00c1N NUNCA M\u00c1S LA COMODIDAD DE NUESTRO SILENCIO!\u201d,\nconcluye el documento. <\/p>\n\n\n\n<p>Previamente el mismo colectivo de\nmujeres se pronunci\u00f3 en contra del \u201coportunismo\u201d de quienes organizan la FILO\nal tomar como bandera el feminismo y el pa\u00f1uelo de color verde que representa\nla lucha por la despenalizaci\u00f3n del aborto en Am\u00e9rica Latina, ello sin\ncomprometerse a garantizar condiciones laborales dignas de las mujeres\ntrabajadoras al interior de las empresas que conforman el comit\u00e9 organizador. <\/p>\n","protected":false},"excerpt":{"rendered":"<p>Evlin Arag\u00f3n\/Zona Roja. Oaxaca de Ju\u00e1rez, Oax., 18 de octubre de 2019.- Integrantes de \u201cMarea&hellip;<\/p>\n","protected":false},"author":2,"featured_media":4932,"comment_status":"closed","ping_status":"open","sticky":false,"template":"","format":"standard","meta":{"_lmt_disableupdate":"","_lmt_disable":"","_jetpack_memberships_contains_paid_content":false,"footnotes":""},"categories":[109,47],"tags":[850,648],"class_list":["post-4931","post","type-post","status-publish","format-standard","has-post-thumbnail","hentry","category-minuto-a-minuto","category-zona-gris","tag-feria-internacional-del-libro-oaxaca-filo","tag-marea-verde-oaxaca"],"jetpack_featured_media_url":"https:\/\/zonaroja.com.mx\/wp-content\/uploads\/2019\/10\/Marea.jpg","jetpack_sharing_enabled":true,"_links":{"self":[{"href":"https:\/\/zonaroja.com.mx\/index.php?rest_route=\/wp\/v2\/posts\/4931","targetHints":{"allow":["GET"]}}],"collection":[{"href":"https:\/\/zonaroja.com.mx\/index.php?rest_route=\/wp\/v2\/posts"}],"about":[{"href":"https:\/\/zonaroja.com.mx\/index.php?rest_route=\/wp\/v2\/types\/post"}],"author":[{"embeddable":true,"href":"https:\/\/zonaroja.com.mx\/index.php?rest_route=\/wp\/v2\/users\/2"}],"replies":[{"embeddable":true,"href":"https:\/\/zonaroja.com.mx\/index.php?rest_route=%2Fwp%2Fv2%2Fcomments&post=4931"}],"version-history":[{"count":1,"href":"https:\/\/zonaroja.com.mx\/index.php?rest_route=\/wp\/v2\/posts\/4931\/revisions"}],"predecessor-version":[{"id":4933,"href":"https:\/\/zonaroja.com.mx\/index.php?rest_route=\/wp\/v2\/posts\/4931\/revisions\/4933"}],"wp:featuredmedia":[{"embeddable":true,"href":"https:\/\/zonaroja.com.mx\/index.php?rest_route=\/wp\/v2\/media\/4932"}],"wp:attachment":[{"href":"https:\/\/zonaroja.com.mx\/index.php?rest_route=%2Fwp%2Fv2%2Fmedia&parent=4931"}],"wp:term":[{"taxonomy":"category","embeddable":true,"href":"https:\/\/zonaroja.com.mx\/index.php?rest_route=%2Fwp%2Fv2%2Fcategories&post=4931"},{"taxonomy":"post_tag","embeddable":true,"href":"https:\/\/zonaroja.com.mx\/index.php?rest_route=%2Fwp%2Fv2%2Ftags&post=4931"}],"curies":[{"name":"wp","href":"https:\/\/api.w.org\/{rel}","templated":true}]}}