{"id":49310,"date":"2022-12-15T09:22:00","date_gmt":"2022-12-15T15:22:00","guid":{"rendered":"http:\/\/www.zonaroja.com.mx\/?p=49310"},"modified":"2022-12-15T08:27:04","modified_gmt":"2022-12-15T14:27:04","slug":"sentencian-a-20-anos-de-prision-a-responsable-de-homicidio-en-la-cuenca","status":"publish","type":"post","link":"https:\/\/zonaroja.com.mx\/?p=49310","title":{"rendered":"Sentencian a 20 a\u00f1os de prisi\u00f3n a responsable de homicidio en la Cuenca"},"content":{"rendered":"\n<p>Redacci\u00f3n\/Zona Roja.&nbsp;<\/p>\n\n\n\n<p>Oaxaca de Ju\u00e1rez, Oax., 15 de diciembre de 2022.- La Fiscal\u00eda General del Estado de Oaxaca (FGEO) obtuvo, del Juez Control, sentencia condenatoria de 20 a\u00f1os de prisi\u00f3n contra la persona del sexo masculino identificada como L. D. J. R., alias el \u201cG\u00fcicho\u201d.<\/p>\n\n\n\n<p>Fue hallado responsable del delito de homicidio calificado en agravio de quien en vida respondi\u00f3 al nombre de M. R. F y del delito de lesiones calificadas en agravio de E. R. F., cometido en diciembre de 2018, en&nbsp; jurisdicci\u00f3n de San Juan Bautista Tuxtepec, en la regi\u00f3n de la Cuenca.<\/p>\n\n\n\n<p>De acuerdo con la carpeta de investigaci\u00f3n 3563\/FTDAI\/2018, el 23 de diciembre de 2018, el \u201cG\u00fcicho\u201d arrib\u00f3 al domicilio de las v\u00edctimas, en inmediaciones de la colonia Siglo XXI, perteneciente a la demarcaci\u00f3n antes mencionada y agredi\u00f3 con un arma de fuego a M. R. F y posteriormente utiliz\u00f3 un objeto corto contundente (machete), infligiendo lesiones que le provocaron la muerte. As\u00ed tambi\u00e9n, el responsable lesion\u00f3 a la v\u00edctima E. R. F., quien result\u00f3 con heridas de gravedad.<\/p>\n\n\n\n<p>Ante este hecho, la Instituci\u00f3n de procuraci\u00f3n de justicia inici\u00f3 la investigaci\u00f3n correspondiente -a trav\u00e9s de la Vicefiscal\u00eda Regional de la Cuenca-, logrando ubicar, aprehender y presentar al agresor ante el Juzgado de Control, quien determin\u00f3 vincularlo a proceso.<\/p>\n\n\n\n<p>En audiencia de procedimiento abreviado, el Juez de Control, dict\u00f3 sentencia condenatoria contra L. D. J. R. alias el \u201cG\u00fcicho\u201d, imponiendo la pena de 20 a\u00f1os, adem\u00e1s que orden\u00f3 el pago de la reparaci\u00f3n del da\u00f1o.<\/p>\n\n\n\n<p>DESCARTAN AGRESI\u00d3N<\/p>\n\n\n\n<p>Por otra parte, la Fiscal\u00eda General del Estado de Oaxaca (FGEO) neg\u00f3 y descart\u00f3 que los atacantes que agredieron a un hombre joven la ma\u00f1ana de este mi\u00e9rcoles en inmediaciones de San Antonio de la Cal formen parte de este organismo aut\u00f3nomo; adem\u00e1s que la Instituci\u00f3n de Procuraci\u00f3n de Justicia atendi\u00f3 la denuncia penal de la v\u00edctima por lo que se investiga de manera expedita.<\/p>\n\n\n\n<p>Por indicaciones del fiscal General, Arturo Peimbert Calvo, la FGEO estableci\u00f3 contacto directo con la v\u00edctima y sus familiares para atender las necesidades particulares del caso.<\/p>\n\n\n\n<p>Adem\u00e1s, se gir\u00f3 la orden para investigar si alg\u00fan trabajador de cualquier nivel de la Fiscal\u00eda estuvo involucrado en estos hechos delictivos por los cuales ya se inici\u00f3 la carpeta de investigaci\u00f3n correspondiente.<\/p>\n\n\n\n<p>Luego de realizar una revisi\u00f3n de las \u00f3rdenes de trabajo giradas para elementos de diferentes instancias de la FGEO, se descart\u00f3 que alguno de los trabajadores de esta instituci\u00f3n particip\u00f3 materialmente en la comisi\u00f3n de los delitos contra la v\u00edctima.<\/p>\n\n\n\n<p>La Fiscal\u00eda de Oaxaca tiene el compromiso irrestricto de investigar la comisi\u00f3n de delitos contra la ciudadan\u00eda a fin de garantizar la seguridad y la paz social, adem\u00e1s del acceso pleno a la justicia.<\/p>\n","protected":false},"excerpt":{"rendered":"<p>Redacci\u00f3n\/Zona Roja.&nbsp; Oaxaca de Ju\u00e1rez, Oax., 15 de diciembre de 2022.- La Fiscal\u00eda General del&hellip;<\/p>\n","protected":false},"author":2,"featured_media":49311,"comment_status":"closed","ping_status":"open","sticky":false,"template":"","format":"standard","meta":{"_lmt_disableupdate":"","_lmt_disable":"","_jetpack_memberships_contains_paid_content":false,"footnotes":""},"categories":[109,46],"tags":[494],"class_list":["post-49310","post","type-post","status-publish","format-standard","has-post-thumbnail","hentry","category-minuto-a-minuto","category-zona-blanca","tag-fiscalia-general-del-estado-de-oaxaca"],"jetpack_featured_media_url":"https:\/\/zonaroja.com.mx\/wp-content\/uploads\/2022\/12\/Luis-Donaldo-J.-R.jpg","jetpack_sharing_enabled":true,"_links":{"self":[{"href":"https:\/\/zonaroja.com.mx\/index.php?rest_route=\/wp\/v2\/posts\/49310","targetHints":{"allow":["GET"]}}],"collection":[{"href":"https:\/\/zonaroja.com.mx\/index.php?rest_route=\/wp\/v2\/posts"}],"about":[{"href":"https:\/\/zonaroja.com.mx\/index.php?rest_route=\/wp\/v2\/types\/post"}],"author":[{"embeddable":true,"href":"https:\/\/zonaroja.com.mx\/index.php?rest_route=\/wp\/v2\/users\/2"}],"replies":[{"embeddable":true,"href":"https:\/\/zonaroja.com.mx\/index.php?rest_route=%2Fwp%2Fv2%2Fcomments&post=49310"}],"version-history":[{"count":1,"href":"https:\/\/zonaroja.com.mx\/index.php?rest_route=\/wp\/v2\/posts\/49310\/revisions"}],"predecessor-version":[{"id":49312,"href":"https:\/\/zonaroja.com.mx\/index.php?rest_route=\/wp\/v2\/posts\/49310\/revisions\/49312"}],"wp:featuredmedia":[{"embeddable":true,"href":"https:\/\/zonaroja.com.mx\/index.php?rest_route=\/wp\/v2\/media\/49311"}],"wp:attachment":[{"href":"https:\/\/zonaroja.com.mx\/index.php?rest_route=%2Fwp%2Fv2%2Fmedia&parent=49310"}],"wp:term":[{"taxonomy":"category","embeddable":true,"href":"https:\/\/zonaroja.com.mx\/index.php?rest_route=%2Fwp%2Fv2%2Fcategories&post=49310"},{"taxonomy":"post_tag","embeddable":true,"href":"https:\/\/zonaroja.com.mx\/index.php?rest_route=%2Fwp%2Fv2%2Ftags&post=49310"}],"curies":[{"name":"wp","href":"https:\/\/api.w.org\/{rel}","templated":true}]}}