{"id":49316,"date":"2022-12-15T11:35:00","date_gmt":"2022-12-15T17:35:00","guid":{"rendered":"http:\/\/www.zonaroja.com.mx\/?p=49316"},"modified":"2022-12-15T13:25:41","modified_gmt":"2022-12-15T19:25:41","slug":"pend-1","status":"publish","type":"post","link":"https:\/\/zonaroja.com.mx\/?p=49316","title":{"rendered":"Jueza de Oaxaca trat\u00f3 de cambiar delito en caso Claudia Uruchurtu para reducir penas"},"content":{"rendered":"\n<p>Yuridiana Sosa\/Zona Roja.<\/p>\n\n\n\n<p>Oaxaca de Ju\u00e1rez, Oax., 15 de diciembre de 2022.- Irregularidades y actos que podr\u00edan derivar en impunidad en el caso de la desaparici\u00f3n forzada de Claudia Uruchurtu, en Oaxaca, fueron exhibidos en \u201cma\u00f1anera\u201d por la Secretar\u00eda de Seguridad y Protecci\u00f3n Ciudadana.<\/p>\n\n\n\n<p>Una juez del Poder Judicial de Oaxaca que llev\u00f3 el caso de Claudia Uruchurtu Cruz, trat\u00f3 de cambiar el delito de desaparici\u00f3n forzada de personas por desaparici\u00f3n de personas para disminuir las penas condenatorias de los cuatro responsables, entre ellos de la ex edil de Asunci\u00f3n Nochixtl\u00e1n, Lizbeth V.H. <\/p>\n\n\n\n<p>As\u00ed lo dio a conocer el subsecretario de Seguridad y Protecci\u00f3n Ciudadana, Ricardo Mej\u00eda, durante la conferencia matutina de&nbsp;este jueves, quien apunt\u00f3 que exhib\u00eda el tema debido a que \u201cese caso caus\u00f3 mucha indignaci\u00f3n\u201d.<\/p>\n\n\n\n<p>El funcionario apunt\u00f3 que durante la audiencia del pasado 12 de diciembre, donde se iba a determinar la culpabilidad de las cuatro personas detenidas, se advirti\u00f3 que la jueza del caso (Mar\u00eda Teresa Quevedo S\u00e1nchez) pretend\u00eda que el Ministerio P\u00fablico se\u00f1alara otro delito.<\/p>\n\n\n\n<p>Detall\u00f3 que por el delito de desaparici\u00f3n forzada de personas las condenas van de los 40 a los 60 a\u00f1os, mientras que el de desaparici\u00f3n de personas es de dos a seis a\u00f1os.<\/p>\n\n\n\n<p>\u201cEl punto es que la juez no vaya a cambiar el fallo que ella misma determin\u00f3, ser\u00eda un caso de impunidad si as\u00ed lo hiciera\u201d, se\u00f1al\u00f3 el subsecretario en la conferencia matutina. <\/p>\n\n\n\n<p>Hasta el momento no se han dado a conocer los a\u00f1os de sentencia para cada uno de los involucrados, autores intelectuales y materiales, del de la desaparici\u00f3n forzada de Uruchurtu Cruz luego de participar en una manifestaci\u00f3n contra la autoridad municipal el 26 de marzo de 2021.<\/p>\n","protected":false},"excerpt":{"rendered":"<p>Yuridiana Sosa\/Zona Roja. Oaxaca de Ju\u00e1rez, Oax., 15 de diciembre de 2022.- Irregularidades y actos&hellip;<\/p>\n","protected":false},"author":2,"featured_media":45299,"comment_status":"closed","ping_status":"open","sticky":false,"template":"","format":"standard","meta":{"_lmt_disableupdate":"","_lmt_disable":"","_jetpack_memberships_contains_paid_content":false,"footnotes":""},"categories":[109,47],"tags":[2582],"class_list":["post-49316","post","type-post","status-publish","format-standard","has-post-thumbnail","hentry","category-minuto-a-minuto","category-zona-gris","tag-claudia-uruchurtu-cruz"],"jetpack_featured_media_url":"https:\/\/zonaroja.com.mx\/wp-content\/uploads\/2022\/09\/Claudia-Uruchurtu-busqueda.jpg","jetpack_sharing_enabled":true,"_links":{"self":[{"href":"https:\/\/zonaroja.com.mx\/index.php?rest_route=\/wp\/v2\/posts\/49316","targetHints":{"allow":["GET"]}}],"collection":[{"href":"https:\/\/zonaroja.com.mx\/index.php?rest_route=\/wp\/v2\/posts"}],"about":[{"href":"https:\/\/zonaroja.com.mx\/index.php?rest_route=\/wp\/v2\/types\/post"}],"author":[{"embeddable":true,"href":"https:\/\/zonaroja.com.mx\/index.php?rest_route=\/wp\/v2\/users\/2"}],"replies":[{"embeddable":true,"href":"https:\/\/zonaroja.com.mx\/index.php?rest_route=%2Fwp%2Fv2%2Fcomments&post=49316"}],"version-history":[{"count":2,"href":"https:\/\/zonaroja.com.mx\/index.php?rest_route=\/wp\/v2\/posts\/49316\/revisions"}],"predecessor-version":[{"id":49318,"href":"https:\/\/zonaroja.com.mx\/index.php?rest_route=\/wp\/v2\/posts\/49316\/revisions\/49318"}],"wp:featuredmedia":[{"embeddable":true,"href":"https:\/\/zonaroja.com.mx\/index.php?rest_route=\/wp\/v2\/media\/45299"}],"wp:attachment":[{"href":"https:\/\/zonaroja.com.mx\/index.php?rest_route=%2Fwp%2Fv2%2Fmedia&parent=49316"}],"wp:term":[{"taxonomy":"category","embeddable":true,"href":"https:\/\/zonaroja.com.mx\/index.php?rest_route=%2Fwp%2Fv2%2Fcategories&post=49316"},{"taxonomy":"post_tag","embeddable":true,"href":"https:\/\/zonaroja.com.mx\/index.php?rest_route=%2Fwp%2Fv2%2Ftags&post=49316"}],"curies":[{"name":"wp","href":"https:\/\/api.w.org\/{rel}","templated":true}]}}